{"id":9125,"date":"2021-01-02T21:28:29","date_gmt":"2021-01-03T00:28:29","guid":{"rendered":"https:\/\/tvc16.com\/portal\/?p=9125"},"modified":"2021-01-03T10:56:43","modified_gmt":"2021-01-03T13:56:43","slug":"prefeito-interinohingo-hammes-anuncia-novos-nomes-para-a-equipe-entre-eles-fernanda-ferreira-na-coordenadoria-de-relacoes-institucionais-confira-a-equipe-tecnica","status":"publish","type":"post","link":"https:\/\/tvc16.com\/portal\/2021\/01\/02\/prefeito-interinohingo-hammes-anuncia-novos-nomes-para-a-equipe-entre-eles-fernanda-ferreira-na-coordenadoria-de-relacoes-institucionais-confira-a-equipe-tecnica\/","title":{"rendered":"Prefeito interino,Hingo Hammes, anuncia novos nomes para a equipe. Entre eles, Fernanda Ferreira na Coordenadoria de Rela\u00e7\u00f5es Institucionais. Confira a equipe t\u00e9cnica"},"content":{"rendered":"\n<p><br>O prefeito interino Hingo Hammes anunciou novos nomes de sua equipe. Al\u00e9m do tenente-coronel Gil Kempers, que assumiu a Secretaria de Defesa Civil e A\u00e7\u00f5es Volunt\u00e1rias, foram confirmados tamb\u00e9m F\u00e1bio Alves para a Procuradoria Geral do Munic\u00edpio; Alex Christ para a Controladoria; F\u00e1bio J\u00fanior como Secret\u00e1rio-Chefe de Gabinete; Fernanda Ferreira na Coordenadoria de Rela\u00e7\u00f5es Institucionais e Juliana Fernandes na Coordenadoria de Comunica\u00e7\u00e3o. Pedro Mattoso ser\u00e1 o secret\u00e1rio municipal de Fazenda, mas ainda aguarda libera\u00e7\u00e3o do atual empregador para assumir o cargo.<\/p>\n\n\n\n<p>Saiba quem s\u00e3o os nomeados:<\/p>\n\n\n\n<p>Tenente-coronel Gil Kempers: <\/p>\n\n\n\n<figure class=\"wp-block-image size-large\"><img decoding=\"async\" src=\"https:\/\/tvc16.com\/portal\/wp-content\/uploads\/2021\/01\/images.jpeg\" alt=\"\" class=\"wp-image-9126\"\/><figcaption>Tenente-coronel do Corpo de Bombeiros, Gil Kempers<\/figcaption><\/figure>\n\n\n\n<p><br>Tenente-coronel do Corpo de Bombeiros, Gil Kempers \u00e9 formado em f\u00edsica e especializado em Defesa Civil. Ele fez cursos no Jap\u00e3o, Espanha e em Cuba sobre preven\u00e7\u00e3o de desastres e sistemas de alerta. Kempers foi comandante dos Bombeiros em Petr\u00f3polis entre 2019 e 2020. &nbsp;<\/p>\n\n\n\n<p>F\u00e1bio Alves:<\/p>\n\n\n\n<figure class=\"wp-block-image size-large\"><img decoding=\"async\" src=\"https:\/\/tvc16.com\/portal\/wp-content\/uploads\/2021\/01\/0400_x_0303_20201212131927_QH4YB.jpg\" alt=\"\" class=\"wp-image-9127\"\/><figcaption>F\u00e1bio Alves Ferreira  &#8211;  advogado<\/figcaption><\/figure>\n\n\n\n<p><br>F\u00e1bio Alves Ferreira \u00e9 advogado, formado pela Universidade Cat\u00f3lica de Petr\u00f3polis. Ele \u00e9 p\u00f3s-graduado em Direito na Universidade de Coimbra e mestre em Direito pela mesma institui\u00e7\u00e3o. F\u00e1bio Alves foi procurador adjunto do munic\u00edpio, al\u00e9m de ter sido membro do Conselho de \u00c9tica e Disciplina da OAB-RJ. Tamb\u00e9m \u00e9 professor universit\u00e1rio e autor de livros jur\u00eddicos<\/p>\n\n\n\n<p>Alex Christ: <\/p>\n\n\n\n<figure class=\"wp-block-image size-large\"><img loading=\"lazy\" decoding=\"async\" width=\"575\" height=\"1024\" src=\"https:\/\/tvc16.com\/portal\/wp-content\/uploads\/2021\/01\/IMG-20210103-WA0018-575x1024.jpg\" alt=\"\" class=\"wp-image-9146\" srcset=\"https:\/\/tvc16.com\/portal\/wp-content\/uploads\/2021\/01\/IMG-20210103-WA0018-575x1024.jpg 575w, https:\/\/tvc16.com\/portal\/wp-content\/uploads\/2021\/01\/IMG-20210103-WA0018-169x300.jpg 169w, https:\/\/tvc16.com\/portal\/wp-content\/uploads\/2021\/01\/IMG-20210103-WA0018-768x1367.jpg 768w, https:\/\/tvc16.com\/portal\/wp-content\/uploads\/2021\/01\/IMG-20210103-WA0018-863x1536.jpg 863w, https:\/\/tvc16.com\/portal\/wp-content\/uploads\/2021\/01\/IMG-20210103-WA0018.jpg 899w\" sizes=\"auto, (max-width: 575px) 100vw, 575px\" \/><figcaption>Alex Christ <\/figcaption><\/figure>\n\n\n\n<p><br>Alex Christ \u00e9 formado em Direito pela Universidade Cat\u00f3lica de Petr\u00f3polis. Ele \u00e9 p\u00f3s-graduado em Direito Constitucional e Direito Tribut\u00e1rio. Alex foi Controlador da C\u00e2mara Municipal de Petr\u00f3polis em 2019 e Diretor Jur\u00eddico da C\u00e2mara Municipal em 2020.<\/p>\n\n\n\n<p>F\u00e1bio J\u00fanior da Silva:<\/p>\n\n\n\n<figure class=\"wp-block-image size-large\"><img decoding=\"async\" src=\"https:\/\/tvc16.com\/portal\/wp-content\/uploads\/2021\/01\/20210102_212341-1024x1024.jpg\" alt=\"\" class=\"wp-image-9128\"\/><figcaption>F\u00e1bio Junior da Silva<\/figcaption><\/figure>\n\n\n\n<p><br>F\u00e1bio Junior da Silva cursou Administra\u00e7\u00e3o e fez especializa\u00e7\u00e3o em Administra\u00e7\u00e3o P\u00fablica. Foi coordenador de conv\u00eanios da Secretaria de Esportes e coordenador de Gabinete do vereador Hingo Hammes. &nbsp;<\/p>\n\n\n\n<p>Fernanda Ferreira: <\/p>\n\n\n\n<figure class=\"wp-block-image size-large\"><img loading=\"lazy\" decoding=\"async\" width=\"668\" height=\"765\" src=\"https:\/\/tvc16.com\/portal\/wp-content\/uploads\/2021\/01\/IMG-20210102-WA0060.jpg\" alt=\"\" class=\"wp-image-9130\" srcset=\"https:\/\/tvc16.com\/portal\/wp-content\/uploads\/2021\/01\/IMG-20210102-WA0060.jpg 668w, https:\/\/tvc16.com\/portal\/wp-content\/uploads\/2021\/01\/IMG-20210102-WA0060-262x300.jpg 262w\" sizes=\"auto, (max-width: 668px) 100vw, 668px\" \/><figcaption>Fernanda Ferreira &#8211; jornalista <\/figcaption><\/figure>\n\n\n\n<p><br>Fernanda Ferreira \u00e9 jornalista, contabilista e graduanda em pedagogia. Foi secret\u00e1ria de Assist\u00eancia Social e subsecret\u00e1ria Chefe de Gabinete do munic\u00edpio de Petr\u00f3polis. Ela tamb\u00e9m foi presidente da Comac de Petr\u00f3polis e est\u00e1 licenciada. Fernanda Ferreira \u00e9 casada e tem uma filha.<\/p>\n\n\n\n<p>Pedro Mattoso:<\/p>\n\n\n\n<p><br>Pedro Mattoso \u00e9 formado em Contabilidade e Marketing e cursa p\u00f3s-gradua\u00e7\u00e3o em Gest\u00e3o P\u00fablica. Pedro \u00e9 funcion\u00e1rio da Caixa Econ\u00f4mica h\u00e1 20 anos, sendo gestor na institui\u00e7\u00e3o h\u00e1 17 anos.<\/p>\n","protected":false},"excerpt":{"rendered":"<p>O prefeito interino Hingo Hammes anunciou novos nomes de sua equipe. Al\u00e9m do tenente-coronel Gil<\/p>\n","protected":false},"author":2,"featured_media":9129,"comment_status":"open","ping_status":"open","sticky":false,"template":"","format":"standard","meta":{"footnotes":""},"categories":[12],"tags":[],"class_list":["post-9125","post","type-post","status-publish","format-standard","has-post-thumbnail","hentry","category-cidade"],"_links":{"self":[{"href":"https:\/\/tvc16.com\/portal\/wp-json\/wp\/v2\/posts\/9125","targetHints":{"allow":["GET"]}}],"collection":[{"href":"https:\/\/tvc16.com\/portal\/wp-json\/wp\/v2\/posts"}],"about":[{"href":"https:\/\/tvc16.com\/portal\/wp-json\/wp\/v2\/types\/post"}],"author":[{"embeddable":true,"href":"https:\/\/tvc16.com\/portal\/wp-json\/wp\/v2\/users\/2"}],"replies":[{"embeddable":true,"href":"https:\/\/tvc16.com\/portal\/wp-json\/wp\/v2\/comments?post=9125"}],"version-history":[{"count":2,"href":"https:\/\/tvc16.com\/portal\/wp-json\/wp\/v2\/posts\/9125\/revisions"}],"predecessor-version":[{"id":9147,"href":"https:\/\/tvc16.com\/portal\/wp-json\/wp\/v2\/posts\/9125\/revisions\/9147"}],"wp:featuredmedia":[{"embeddable":true,"href":"https:\/\/tvc16.com\/portal\/wp-json\/wp\/v2\/media\/9129"}],"wp:attachment":[{"href":"https:\/\/tvc16.com\/portal\/wp-json\/wp\/v2\/media?parent=9125"}],"wp:term":[{"taxonomy":"category","embeddable":true,"href":"https:\/\/tvc16.com\/portal\/wp-json\/wp\/v2\/categories?post=9125"},{"taxonomy":"post_tag","embeddable":true,"href":"https:\/\/tvc16.com\/portal\/wp-json\/wp\/v2\/tags?post=9125"}],"curies":[{"name":"wp","href":"https:\/\/api.w.org\/{rel}","templated":true}]}}