{"id":913,"date":"2020-09-22T13:28:41","date_gmt":"2020-09-22T13:28:41","guid":{"rendered":"https:\/\/tvc16.com\/portal\/?p=913"},"modified":"2020-09-22T13:30:20","modified_gmt":"2020-09-22T13:30:20","slug":"mprj-ajuiza-acao-para-que-seja-restabelecida-frota-integral-no-servico-de-onibus-em-petropolis","status":"publish","type":"post","link":"https:\/\/tvc16.com\/portal\/2020\/09\/22\/mprj-ajuiza-acao-para-que-seja-restabelecida-frota-integral-no-servico-de-onibus-em-petropolis\/","title":{"rendered":"MPRJ aju\u00edza a\u00e7\u00e3o para que seja restabelecida frota integral no servi\u00e7o de \u00f4nibus em Petr\u00f3polis"},"content":{"rendered":"\n<p>O Minist\u00e9rio P\u00fablico do Estado do Rio de Janeiro (MPRJ), por meio da 2\u00aa Promotoria de Justi\u00e7a de Tutela Coletiva do N\u00facleo Petr\u00f3polis, ajuizou a\u00e7\u00e3o civil p\u00fablica contra o Munic\u00edpio de Petr\u00f3polis e a Companhia Petropolitana de Tr\u00e2nsito e Transporte (CPTRANS) para que seja restabelecida a frota integral de \u00f4nibus nas ruas da cidade, com todos os hor\u00e1rios, viagens, linhas e itiner\u00e1rios dispon\u00edveis antes da pandemia de Covid-19.<\/p>\n\n\n\n<p>A a\u00e7\u00e3o narra que as medidas de isolamento social resultaram, em um primeiro momento, na redu\u00e7\u00e3o da demanda pelo servi\u00e7o p\u00fablico de passageiros por \u00f4nibus na cidade &#8211; acarretando na diminui\u00e7\u00e3o na oferta. Desde junho, no entanto, deu-se in\u00edcio ao processo de flexibiliza\u00e7\u00e3o do isolamento social e retomada das atividades econ\u00f4micas, estando, atualmente, praticamente todas as atividades socioecon\u00f4micas j\u00e1 em funcionamento.&nbsp; Ocorre que, apesar do consequente aumento na demanda, ainda n\u00e3o h\u00e1 oferta integral do servi\u00e7o, com diversas linhas circulando com hor\u00e1rios e frota reduzida e outras simplesmente suprimidas.<\/p>\n\n\n\n<p>Segundo o MPRJ, a redu\u00e7\u00e3o de oferta no servi\u00e7o (menos ve\u00edculos, menos hor\u00e1rios, menos passageiros por ve\u00edculo) vem causando filas e aglomera\u00e7\u00f5es nos pontos de \u00f4nibus e terminais rodovi\u00e1rios, acarretando riscos \u00e0 sa\u00fade dos usu\u00e1rios do sistema de transporte e \u00e0 sa\u00fade coletiva, ante o incremento da transmissibilidade do v\u00edrus. O MPRJ tamb\u00e9m ressalta que o aumento do tempo de espera decorrente da redu\u00e7\u00e3o da oferta, a supress\u00e3o de linhas e a altera\u00e7\u00e3o de itiner\u00e1rios causa danos aos usu\u00e1rios, configurando falha na presta\u00e7\u00e3o do servi\u00e7o, por viola\u00e7\u00e3o \u00e0 efici\u00eancia, comodidade e continuidade.<\/p>\n\n\n\n<p>Diante dos fatos, o MPRJ requer que o Munic\u00edpio de Petr\u00f3polis e a CPTRANS sejam condenados a restabelecer a situa\u00e7\u00e3o anterior no que se refere ao sistema p\u00fablico de transporte p\u00fablico coletivo por \u00f4nibus em Petr\u00f3polis, determinando e garantindo que as prestadoras do servi\u00e7o operem com frota integral e com observ\u00e2ncia de todos os hor\u00e1rios, viagens, linhas e itiner\u00e1rios estabelecidos anteriormente \u00e0 pandemia, respeitando-se as normas de distanciamento social, enquanto vigentes. Requer, ainda, o pagamento de multa em valor n\u00e3o inferior a R$ 300 mil, por eventual descumprimento das medidas. A a\u00e7\u00e3o foi recebida pelo Ju\u00edzo da 4\u00aa Vara C\u00edvel da Comarca de Petr\u00f3polis.<\/p>\n","protected":false},"excerpt":{"rendered":"<p>O Minist\u00e9rio P\u00fablico do Estado do Rio de Janeiro (MPRJ), por meio da 2\u00aa Promotoria<\/p>\n","protected":false},"author":2,"featured_media":914,"comment_status":"open","ping_status":"open","sticky":false,"template":"","format":"standard","meta":{"footnotes":""},"categories":[12],"tags":[],"class_list":["post-913","post","type-post","status-publish","format-standard","has-post-thumbnail","hentry","category-cidade"],"_links":{"self":[{"href":"https:\/\/tvc16.com\/portal\/wp-json\/wp\/v2\/posts\/913","targetHints":{"allow":["GET"]}}],"collection":[{"href":"https:\/\/tvc16.com\/portal\/wp-json\/wp\/v2\/posts"}],"about":[{"href":"https:\/\/tvc16.com\/portal\/wp-json\/wp\/v2\/types\/post"}],"author":[{"embeddable":true,"href":"https:\/\/tvc16.com\/portal\/wp-json\/wp\/v2\/users\/2"}],"replies":[{"embeddable":true,"href":"https:\/\/tvc16.com\/portal\/wp-json\/wp\/v2\/comments?post=913"}],"version-history":[{"count":2,"href":"https:\/\/tvc16.com\/portal\/wp-json\/wp\/v2\/posts\/913\/revisions"}],"predecessor-version":[{"id":916,"href":"https:\/\/tvc16.com\/portal\/wp-json\/wp\/v2\/posts\/913\/revisions\/916"}],"wp:featuredmedia":[{"embeddable":true,"href":"https:\/\/tvc16.com\/portal\/wp-json\/wp\/v2\/media\/914"}],"wp:attachment":[{"href":"https:\/\/tvc16.com\/portal\/wp-json\/wp\/v2\/media?parent=913"}],"wp:term":[{"taxonomy":"category","embeddable":true,"href":"https:\/\/tvc16.com\/portal\/wp-json\/wp\/v2\/categories?post=913"},{"taxonomy":"post_tag","embeddable":true,"href":"https:\/\/tvc16.com\/portal\/wp-json\/wp\/v2\/tags?post=913"}],"curies":[{"name":"wp","href":"https:\/\/api.w.org\/{rel}","templated":true}]}}