{"id":91332,"date":"2024-09-28T06:00:00","date_gmt":"2024-09-28T09:00:00","guid":{"rendered":"https:\/\/tvc16.com\/portal\/?p=91332"},"modified":"2024-09-27T17:36:21","modified_gmt":"2024-09-27T20:36:21","slug":"primavera-chega-com-moda-musica-e-tendencias-em-itaipava","status":"publish","type":"post","link":"https:\/\/tvc16.com\/portal\/2024\/09\/28\/primavera-chega-com-moda-musica-e-tendencias-em-itaipava\/","title":{"rendered":"Primavera chega com moda, m\u00fasica e tend\u00eancias em Itaipava"},"content":{"rendered":"\n<p><em>Entrada franca no Vilarejo Fashion que vai exibir 80 looks de 14 lojas em desfile especial<\/em><\/p>\n\n\n\n<p>O charme da primavera vai ganhar as passarelas neste s\u00e1bado (28) no Vilarejo Fashion que promete uma celebra\u00e7\u00e3o vibrante da nova cole\u00e7\u00e3o Primavera\/Ver\u00e3o, combinando moda, m\u00fasica e muita eleg\u00e2ncia em um evento gratuito para o p\u00fablico. A partir das 16h, a Pra\u00e7a do Sol, no Shopping Vilarejo, se transforma em uma passarela ao ar livre, onde as lojas apresentar\u00e3o quase 80 looks exclusivos, indo do casual \u00e0 moda praia, al\u00e9m de acess\u00f3rios e um desfile especial de moda para os pets. Com uma programa\u00e7\u00e3o envolvente, com m\u00fasica, al\u00e9m das op\u00e7\u00f5es gastron\u00f4micas do espa\u00e7o, o evento pretende atrair amantes da moda e do estilo, destacando as principais tend\u00eancias da esta\u00e7\u00e3o.<br>Neste clima de celebra\u00e7\u00e3o, nada melhor do que combinar moda e borbulhas. Os clientes que visitarem as lojas antes do evento recebem uma pulseira vip, que d\u00e1 direito a uma ta\u00e7a de espumante durante o desfile, tornando a celebra\u00e7\u00e3o ainda mais especial. O DJ Cris animar\u00e1 a tarde, enquanto uma bubble house, um infl\u00e1vel transparente decorado com bal\u00f5es flutuantes para os clientes se divertirem dentro do espa\u00e7o garantir\u00e1 momentos inesquec\u00edveis e fotos incr\u00edveis, um espa\u00e7o para todas as idades.<br>O Vilarejo Fashion retorna, ap\u00f3s dois anos da \u00faltima edi\u00e7\u00e3o, como uma oportunidade de renovar o guarda-roupa e aproveitar momentos agrad\u00e1veis em um ambiente acolhedor. O administrador do shopping, Tiago Corr\u00eaa, destaca a import\u00e2ncia de criar um espa\u00e7o de intera\u00e7\u00e3o e celebra\u00e7\u00e3o entre os amantes da moda. \u201cMais do que um centro comercial, o Vilarejo oferece experi\u00eancias. \u00c9 isso que queremos proporcionar aos visitantes, uma imers\u00e3o completa oferecendo temas variados de acordo com as \u00e9pocas do ano\u201d, afirma.<br>Participam do Vilarejo Fashion as lojas Line Multimarcas, Donna Chica, Scarpan, Guach, Formosura, Da patroa, Brands off, Tangerine, Lys, Percia Zampagli, Rizzo, Brigit Joias, Daiana Alves e ainda a Be Happy, com desfile de acess\u00f3rios para os pets. O evento tem produ\u00e7\u00e3o da ag\u00eancia Erri Manegement, por Ricardo Rapozo e Ricardo Mendes, que v\u00e3o mostrar as tend\u00eancias de moda para a Primavera\/Ver\u00e3o trazendo um mix vibrante de cores, com tons past\u00e9is e neon em alta, al\u00e9m de estampas florais e geom\u00e9tricas que celebram a leveza da esta\u00e7\u00e3o. Tecidos fluidos e sustent\u00e1veis s\u00e3o destaque, proporcionando conforto e estilo.<br>Durante todo dia, os convidados ainda podem saborear op\u00e7\u00f5es gastron\u00f4micas variadas, tornando o evento ainda mais completo. O Vilarejo tem \u00f3timas op\u00e7\u00f5es de restaurantes, cafeterias, delicattessens, bares e cervejarias, que atendem a todos os paladares em um dos lugares mais aconchegantes de Itaipava, que ainda \u00e9 petfrendly e tem o charme de ter espa\u00e7os indoor e outdoor.<\/p>\n\n\n\n<p><strong>Servi\u00e7o:<br><\/strong><em>Vilarejo Fashion<br><\/em>28 de setembro \u2013 s\u00e1bado<br>16h<br>Pra\u00e7a do Sol<br>Entrada gratuita<\/p>\n\n\n\n<p><em>Shopping Vilarejo<br><\/em>Ter\u00e7a a s\u00e1bado, das 10h \u00e0s 19h | Domingo, das 10h \u00e0s 18h<br>Estrada Uni\u00e3o e Ind\u00fastria, 10.035 \u2013 Itaipava<\/p>\n\n\n\n<p>Programa\u00e7\u00e3o e informa\u00e7\u00f5es no Instagram do Vilarejo em @shoppingvilarejo<\/p>\n","protected":false},"excerpt":{"rendered":"<p>Entrada franca no Vilarejo Fashion que vai exibir 80 looks de 14 lojas em desfile<\/p>\n","protected":false},"author":2,"featured_media":91333,"comment_status":"open","ping_status":"open","sticky":false,"template":"","format":"standard","meta":{"footnotes":""},"categories":[12],"tags":[],"class_list":["post-91332","post","type-post","status-publish","format-standard","has-post-thumbnail","hentry","category-cidade"],"_links":{"self":[{"href":"https:\/\/tvc16.com\/portal\/wp-json\/wp\/v2\/posts\/91332","targetHints":{"allow":["GET"]}}],"collection":[{"href":"https:\/\/tvc16.com\/portal\/wp-json\/wp\/v2\/posts"}],"about":[{"href":"https:\/\/tvc16.com\/portal\/wp-json\/wp\/v2\/types\/post"}],"author":[{"embeddable":true,"href":"https:\/\/tvc16.com\/portal\/wp-json\/wp\/v2\/users\/2"}],"replies":[{"embeddable":true,"href":"https:\/\/tvc16.com\/portal\/wp-json\/wp\/v2\/comments?post=91332"}],"version-history":[{"count":1,"href":"https:\/\/tvc16.com\/portal\/wp-json\/wp\/v2\/posts\/91332\/revisions"}],"predecessor-version":[{"id":91334,"href":"https:\/\/tvc16.com\/portal\/wp-json\/wp\/v2\/posts\/91332\/revisions\/91334"}],"wp:featuredmedia":[{"embeddable":true,"href":"https:\/\/tvc16.com\/portal\/wp-json\/wp\/v2\/media\/91333"}],"wp:attachment":[{"href":"https:\/\/tvc16.com\/portal\/wp-json\/wp\/v2\/media?parent=91332"}],"wp:term":[{"taxonomy":"category","embeddable":true,"href":"https:\/\/tvc16.com\/portal\/wp-json\/wp\/v2\/categories?post=91332"},{"taxonomy":"post_tag","embeddable":true,"href":"https:\/\/tvc16.com\/portal\/wp-json\/wp\/v2\/tags?post=91332"}],"curies":[{"name":"wp","href":"https:\/\/api.w.org\/{rel}","templated":true}]}}