{"id":91359,"date":"2024-09-28T06:17:15","date_gmt":"2024-09-28T09:17:15","guid":{"rendered":"https:\/\/tvc16.com\/portal\/?p=91359"},"modified":"2024-09-28T06:17:16","modified_gmt":"2024-09-28T09:17:16","slug":"moraes-cobra-r-10-milhoes-de-multa-para-liberar-retorno-de-x","status":"publish","type":"post","link":"https:\/\/tvc16.com\/portal\/2024\/09\/28\/moraes-cobra-r-10-milhoes-de-multa-para-liberar-retorno-de-x\/","title":{"rendered":"Moraes cobra R$ 10 milh\u00f5es de multa para liberar retorno de X"},"content":{"rendered":"\n<p>Por <strong>ANDR\u00c9 RICHTER &#8211; REP\u00d3RTER DA AG\u00caNCIA BRASIL<\/strong><\/p>\n\n\n\n<p>O ministro Alexandre de Moraes, do Supremo Tribunal Federal (STF), estabeleceu nesta sexta-feira (27) novas determina\u00e7\u00f5es para liberar o funcionamento da rede social X no Brasil.<img decoding=\"async\" src=\"https:\/\/agenciabrasil.ebc.com.br\/ebc.png?id=1613838&amp;o=node\"><img decoding=\"async\" src=\"https:\/\/agenciabrasil.ebc.com.br\/ebc.gif?id=1613838&amp;o=node\"><\/p>\n\n\n\n<p>Na decis\u00e3o, Moraes determinou que a empresa pegue nova multa de R$ 10 milh\u00f5es. Al\u00e9m disso, o ministro tamb\u00e9m determina que a advogada Rachel de Oliveira Villa Nova pague multa de R$ 300 mil.<\/p>\n\n\n\n<p>Ontem (26), os advogados do X pediram ao ministro a libera\u00e7\u00e3o da plataforma ap\u00f3s apresentarem os documentos solicitados para comprovar a reativa\u00e7\u00e3o da representa\u00e7\u00e3o no Brasil, al\u00e9m de indicar a advogada Rachel de Oliveira Villa Nova para atuar como representante legal da empresa no pa\u00eds.<\/p>\n\n\n\n<p>No m\u00eas passado, Moraes&nbsp;<a href=\"https:\/\/agenciabrasil.ebc.com.br\/justica\/noticia\/2024-08\/x-e-bloqueado-no-brasil-apos-musk-descumprir-decisao-de-moraes\" target=\"_blank\" rel=\"noreferrer noopener\">retirou o X do ar<\/a>&nbsp;ap\u00f3s a empresa fechar seu escrit\u00f3rio do Brasil, condi\u00e7\u00e3o obrigat\u00f3ria para qualquer firma funcionar no pa\u00eds.<\/p>\n\n\n\n<p>O bilion\u00e1rio Elon Musk, dono da rede social, anunciou o&nbsp;<a href=\"https:\/\/agenciabrasil.ebc.com.br\/justica\/noticia\/2024-08\/rede-social-x-fecha-sede-no-brasil-e-acusa-moraes-de-ameaca\" target=\"_blank\" rel=\"noreferrer noopener\">fechamento da sede da empresa<\/a>&nbsp;no Brasil ap\u00f3s a rede ser multada por se recusar a cumprir a determina\u00e7\u00e3o de retirar do ar perfis de investigados pela Corte pela publica\u00e7\u00e3o de mensagens consideradas antidemocr\u00e1ticas.<\/p>\n\n\n\n<p>De acordo com a decis\u00e3o, o valor da multa de R$ 10 milh\u00f5es se refere ao&nbsp;<a href=\"https:\/\/agenciabrasil.ebc.com.br\/justica\/noticia\/2024-09\/anatel-x-demonstra-intencao-deliberada-de-descumprir-ordem-do-stf\" target=\"_blank\" rel=\"noreferrer noopener\">descumprimento de decis\u00f5es<\/a>&nbsp;judiciais do STF nos dias 19 e 23 de setembro, nos quais a plataforma ficou hospedada em servidores da empresa de seguran\u00e7a digital Cloudflare e permitiu o acesso aos conte\u00fados bloqueados.<\/p>\n\n\n\n<p>No caso da advogada, a multa de R$ 300 mil tamb\u00e9m \u00e9 cobrada em fun\u00e7\u00e3o do descumprimento das decis\u00f5es de Moraes. Rachel de Oliveira atuou como representante do X no Brasil antes do fechamento do escrit\u00f3rio no pa\u00eds e retornou para a fun\u00e7\u00e3o ap\u00f3s Musk decidir reativar a representa\u00e7\u00e3o.&nbsp;<\/p>\n","protected":false},"excerpt":{"rendered":"<p>Por ANDR\u00c9 RICHTER &#8211; REP\u00d3RTER DA AG\u00caNCIA BRASIL O ministro Alexandre de Moraes, do Supremo<\/p>\n","protected":false},"author":2,"featured_media":91360,"comment_status":"open","ping_status":"open","sticky":false,"template":"","format":"standard","meta":{"footnotes":""},"categories":[17],"tags":[],"class_list":["post-91359","post","type-post","status-publish","format-standard","has-post-thumbnail","hentry","category-outras-noticias"],"_links":{"self":[{"href":"https:\/\/tvc16.com\/portal\/wp-json\/wp\/v2\/posts\/91359","targetHints":{"allow":["GET"]}}],"collection":[{"href":"https:\/\/tvc16.com\/portal\/wp-json\/wp\/v2\/posts"}],"about":[{"href":"https:\/\/tvc16.com\/portal\/wp-json\/wp\/v2\/types\/post"}],"author":[{"embeddable":true,"href":"https:\/\/tvc16.com\/portal\/wp-json\/wp\/v2\/users\/2"}],"replies":[{"embeddable":true,"href":"https:\/\/tvc16.com\/portal\/wp-json\/wp\/v2\/comments?post=91359"}],"version-history":[{"count":1,"href":"https:\/\/tvc16.com\/portal\/wp-json\/wp\/v2\/posts\/91359\/revisions"}],"predecessor-version":[{"id":91361,"href":"https:\/\/tvc16.com\/portal\/wp-json\/wp\/v2\/posts\/91359\/revisions\/91361"}],"wp:featuredmedia":[{"embeddable":true,"href":"https:\/\/tvc16.com\/portal\/wp-json\/wp\/v2\/media\/91360"}],"wp:attachment":[{"href":"https:\/\/tvc16.com\/portal\/wp-json\/wp\/v2\/media?parent=91359"}],"wp:term":[{"taxonomy":"category","embeddable":true,"href":"https:\/\/tvc16.com\/portal\/wp-json\/wp\/v2\/categories?post=91359"},{"taxonomy":"post_tag","embeddable":true,"href":"https:\/\/tvc16.com\/portal\/wp-json\/wp\/v2\/tags?post=91359"}],"curies":[{"name":"wp","href":"https:\/\/api.w.org\/{rel}","templated":true}]}}