{"id":91362,"date":"2024-09-28T08:41:00","date_gmt":"2024-09-28T11:41:00","guid":{"rendered":"https:\/\/tvc16.com\/portal\/?p=91362"},"modified":"2024-09-28T08:41:03","modified_gmt":"2024-09-28T11:41:03","slug":"senac-rj-lanca-novo-ensino-tecnico-integrado-ao-medio-nesta-sexta-27-no-senac-rio-summit","status":"publish","type":"post","link":"https:\/\/tvc16.com\/portal\/2024\/09\/28\/senac-rj-lanca-novo-ensino-tecnico-integrado-ao-medio-nesta-sexta-27-no-senac-rio-summit\/","title":{"rendered":"Senac RJ lan\u00e7a novo Ensino T\u00e9cnico Integrado ao M\u00e9dio, nesta sexta, 27, no Senac Rio Summit"},"content":{"rendered":"\n<p><em>Os novos cursos, que ter\u00e3o in\u00edcio em 2025, integram o Ensino M\u00e9dio a forma\u00e7\u00e3o profissionalizante nas \u00e1reas de Intelig\u00eancia Artificial, Multim\u00eddia e Administra\u00e7\u00e3o<\/em><\/p>\n\n\n\n<p>O Senac RJ lan\u00e7a, nesta sexta-feira, 27.09, o novo Ensino T\u00e9cnico Integrado ao M\u00e9dio . O lan\u00e7amento ser\u00e1 \u00e0s 15h30, em palestra do educador e fil\u00f3sofo Gabriel Chalita no Senac Rio Summit, evento gratuito de tecnologia, inova\u00e7\u00e3o e inclus\u00e3o digital, no Expomag, na Cidade Nova. Os novos cursos de n\u00edvel m\u00e9dio do Senac RJ, que ter\u00e1 in\u00edcio em 2025, j\u00e1 estar\u00e3o integrados a cursos profissionalizantes nas \u00e1reas de Intelig\u00eancia Artificial, Multim\u00eddia e Administra\u00e7\u00e3o.<\/p>\n\n\n\n<p>O lan\u00e7amento dos novos cursos \u00e9 apenas um dos temas da programa\u00e7\u00e3o do terceiro dia do Senac Rio Summit, que acontece das 10h \u00e0s 18h. O festival gratuito do Senac RJ, em parceria com o Sebrae Rio, que vai at\u00e9 este s\u00e1bado, 28.09, ainda est\u00e1 repleto de grandes nomes entre palestrantes e empresas participantes. O tema do evento neste ano parte da provoca\u00e7\u00e3o \u201cSer\u00e1 que no futuro vai se chamar trabalho\u201d e localiza o jovem no centro das discuss\u00f5es. O p\u00fablico principal \u00e9 de jovens a partir do 8\u00ba ano do ensino fundamental e do ensino m\u00e9dio, especialmente das redes p\u00fablicas. As inscri\u00e7\u00f5es podem ser feitas pelo link https:\/\/capsula.rj.senac.br\/senacriosummit2024, onde tamb\u00e9m \u00e9 poss\u00edvel ver a programa\u00e7\u00e3o completa do evento.<\/p>\n\n\n\n<p>Na Arena Inspira , um destaque da programa\u00e7\u00e3o desta sexta-feira \u00e9 o especialista em Coopera\u00e7\u00e3o Intergeracional, Dado Schneider, que vai ministrar a palestra \u201cTem algu\u00e9m ouvindo? Gera\u00e7\u00e3o Z e o futuro das rela\u00e7\u00f5es profissionais\u201d, \u00e0s 14h45. Antes dele, \u00e0s 14h, o tema \u00e9 \u201cA quebrada cria &#8211; a inova\u00e7\u00e3o muito al\u00e9m do vale do Sil\u00edcio\u201d, com a co-fundadora e diretora de influ\u00eancia da Futuros Poss\u00edveis, Andreza Maia. J\u00e1 a fundadora do Favela Org\u00e2nica Regina Tchelly, a gerente do Ciclo Org\u00e2nico Camilla Campos e a nutricionista do Mesa Brasil Sesc RJ Karime Cader participam do painel \u201cRaspando o prato: transformando nossa rela\u00e7\u00e3o com os alimentos\u201d, \u00e0s 12h30.<\/p>\n\n\n\n<p>\u201cSeu pedido est\u00e1 a caminho: desvendando o dia-a-dia de uma analista de dados no iFood\u201d \u00e9 o nome da palestra da especialista S\u00eanior em Projetos Estrat\u00e9gicos no iFood, Juliana Reksua, \u00e0s 11h45, na Arena Desperta . O fot\u00f3grafo e piloto de drone Ari Kaye aborda o tema \u201cOlhos de \u00e1guia: o olhar do artista encontra o controle do drone\u201d, \u00e0s 15h30. J\u00e1 o roteirista da TV Globo Eduardo Belo ministra a palestra \u201cEscrita Criativa: essa palestra usa ChatGPT\u201d, \u00e0s 16h15.<\/p>\n\n\n\n<p>No espa\u00e7o Elas na Tecnologia , temas como inclus\u00e3o feminina nas \u00e1reas de tecnologia, a voz da mulher no Linkedin e a jornada em dados est\u00e3o na programa\u00e7\u00e3o desta sexta-feira. J\u00e1 o Espa\u00e7o Sebrae vai discutir projeto de vida, empreendedorismo social, profiss\u00f5es do futuro, empoderamento e autonomia.<\/p>\n\n\n\n<p>Espa\u00e7os de Experimenta\u00e7\u00e3o &#8211; Al\u00e9m de palestra, pain\u00e9is, entrevistas e debates, o evento ter\u00e1 diversos espa\u00e7os de experimenta\u00e7\u00e3o para os participantes. O Eu_Videomaker, os visitantes poder\u00e3o criar conte\u00fado para m\u00eddias digitais, em uma trilha que vai desde a idea\u00e7\u00e3o do roteiro, grava\u00e7\u00e3o e edi\u00e7\u00e3o de um videochat ou v\u00eddeo viral. No espa\u00e7o Se Joga, atividades de l\u00f3gica de programa\u00e7\u00e3o gamificados com Minecraft e um escape room com desafios de programa\u00e7\u00e3o. No RV_Zone, atra\u00e7\u00f5es de realidade virtual e aumentada e metaverso abordar\u00e3o conceitos de gest\u00e3o e varejo. O espa\u00e7o Faz tua Arte \u00e9 voltado para quem ama design, tecnologia e express\u00f5es art\u00edsticas. Nele ser\u00e1 poss\u00edvel criar cartazes digitais, experimentar a cria\u00e7\u00e3o de um personagem 3D, aplicar IA para melhorar qualidade da personagem e a cria\u00e7\u00e3o de uma anima\u00e7\u00e3o 2D. Tamb\u00e9m ser\u00e1 poss\u00edvel participar de uma oficina de Slam. No Lab Maker, ser\u00e1 poss\u00edvel conhecer tecnologias de produ\u00e7\u00e3o digital, como impressoras 3D, cortadora a laser e scanner de m\u00e3o e imaginar novas possibilidades de profiss\u00f5es para construir um mundo melhor, em uma jornada criativa. Uma Arena Drone ir\u00e1 oferecer desafios de voo para quem quiser aprender a pilotar esses equipamentos. J\u00e1 o Lab Sa\u00fade ter\u00e1 experimenta\u00e7\u00e3o de leito hospitalar, RCP, desengasgo e simulador de idoso com atividade sobre empatia com a pessoa idosa. No espa\u00e7o do Senac Interliga, haver\u00e1 conte\u00fados gamificados sobre elabora\u00e7\u00e3o de curr\u00edculo e conquista do primeiro emprego ou est\u00e1gio, al\u00e9m de informa\u00e7\u00f5es sobre o novo Ensino T\u00e9cnico integrado ao M\u00e9dio. A Secretaria Municipal de Educa\u00e7\u00e3o do Rio de Janeiro tamb\u00e9m ter\u00e1 estande no evento.<\/p>\n\n\n\n<p>Sobre o Senac RJ<br>H\u00e1 78 anos o Senac RJ atua na profissionaliza\u00e7\u00e3o de m\u00e3o de obra para o setor do Com\u00e9rcio de Bens, Servi\u00e7os e Turismo no Estado do Rio de Janeiro. A institui\u00e7\u00e3o de ensino investe fortemente em inclus\u00e3o social por meio de capacita\u00e7\u00e3o para o mercado de trabalho e \u00e9 reconhecida como refer\u00eancia na oferta de cursos profissionalizantes.<\/p>\n\n\n\n<p>A entidade faz parte do Sistema Fecom\u00e9rcio RJ, principal respons\u00e1vel por viabilizar, em 2023, o Web Summit Rio, um dos mais importantes eventos de Tecnologia, transforma\u00e7\u00e3o digital, empreendedorismo e inova\u00e7\u00e3o do mundo. Em setembro, pormove o Senac Rio Summit, festival de tecnologia e inova\u00e7\u00e3o, totalmente gratuito, voltado para jovens de baixa renda. O Senac RJ tamb\u00e9m participa, anualmente, do Hacking.Rio, maior maratona de programa\u00e7\u00e3o latino-americana. Al\u00e9m disso, firmou parceria com Transfero e Serratec, refer\u00eancias de empregabilidade no mercado de trabalho de Tecnologia.<\/p>\n\n\n\n<p>Servi\u00e7o:<br>Senac Rio Summit 2024<br>At\u00e9 28\/09\/2024<br>10h \u00e0s 18h<br>Expomag (R. Beatriz Larragoiti Lucas, s\/n\u00ba &#8211; Cidade Nova)<br>Inscri\u00e7\u00f5es e programa\u00e7\u00e3o completa: https:\/\/capsula.rj.senac.br\/senacriosummit2024\/<br>Evento&nbsp;Gratuito<\/p>\n","protected":false},"excerpt":{"rendered":"<p>Os novos cursos, que ter\u00e3o in\u00edcio em 2025, integram o Ensino M\u00e9dio a forma\u00e7\u00e3o profissionalizante<\/p>\n","protected":false},"author":2,"featured_media":91363,"comment_status":"open","ping_status":"open","sticky":false,"template":"","format":"standard","meta":{"footnotes":""},"categories":[17],"tags":[],"class_list":["post-91362","post","type-post","status-publish","format-standard","has-post-thumbnail","hentry","category-outras-noticias"],"_links":{"self":[{"href":"https:\/\/tvc16.com\/portal\/wp-json\/wp\/v2\/posts\/91362","targetHints":{"allow":["GET"]}}],"collection":[{"href":"https:\/\/tvc16.com\/portal\/wp-json\/wp\/v2\/posts"}],"about":[{"href":"https:\/\/tvc16.com\/portal\/wp-json\/wp\/v2\/types\/post"}],"author":[{"embeddable":true,"href":"https:\/\/tvc16.com\/portal\/wp-json\/wp\/v2\/users\/2"}],"replies":[{"embeddable":true,"href":"https:\/\/tvc16.com\/portal\/wp-json\/wp\/v2\/comments?post=91362"}],"version-history":[{"count":1,"href":"https:\/\/tvc16.com\/portal\/wp-json\/wp\/v2\/posts\/91362\/revisions"}],"predecessor-version":[{"id":91364,"href":"https:\/\/tvc16.com\/portal\/wp-json\/wp\/v2\/posts\/91362\/revisions\/91364"}],"wp:featuredmedia":[{"embeddable":true,"href":"https:\/\/tvc16.com\/portal\/wp-json\/wp\/v2\/media\/91363"}],"wp:attachment":[{"href":"https:\/\/tvc16.com\/portal\/wp-json\/wp\/v2\/media?parent=91362"}],"wp:term":[{"taxonomy":"category","embeddable":true,"href":"https:\/\/tvc16.com\/portal\/wp-json\/wp\/v2\/categories?post=91362"},{"taxonomy":"post_tag","embeddable":true,"href":"https:\/\/tvc16.com\/portal\/wp-json\/wp\/v2\/tags?post=91362"}],"curies":[{"name":"wp","href":"https:\/\/api.w.org\/{rel}","templated":true}]}}