{"id":91389,"date":"2024-09-28T08:00:00","date_gmt":"2024-09-28T11:00:00","guid":{"rendered":"https:\/\/tvc16.com\/portal\/?p=91389"},"modified":"2024-09-28T14:45:11","modified_gmt":"2024-09-28T17:45:11","slug":"pm-apreende-12kg-de-cocaina-no-valparaiso","status":"publish","type":"post","link":"https:\/\/tvc16.com\/portal\/2024\/09\/28\/pm-apreende-12kg-de-cocaina-no-valparaiso\/","title":{"rendered":"PM apreende 1,2kg de coca\u00edna no Valpara\u00edso"},"content":{"rendered":"\n<p>Policiais Militares do 26\u00ba Batalh\u00e3o apreenderam 1,2kg de coca\u00edna no Valpara\u00edso, em Petr\u00f3polis, na madrugada deste s\u00e1bado (28). Na ocasi\u00e3o, os agentes receberam uma den\u00fancia sobre a venda de materiais na regi\u00e3o. <\/p>\n\n\n\n<p>Na a\u00e7\u00e3o, al\u00e9m da coca\u00edna, tamb\u00e9m foram apreendidos um tablete de maconha e uma pedra grande de crack. Ningu\u00e9m foi preso.<\/p>\n\n\n\n<p>Todo o material foi levado para a 105\u00aa Delegacia de Pol\u00edcia, no Retiro, onde ficou apreendido.<\/p>\n","protected":false},"excerpt":{"rendered":"<p>Policiais Militares do 26\u00ba Batalh\u00e3o apreenderam 1,2kg de coca\u00edna no Valpara\u00edso, em Petr\u00f3polis, na madrugada<\/p>\n","protected":false},"author":2,"featured_media":91390,"comment_status":"open","ping_status":"open","sticky":false,"template":"","format":"standard","meta":{"footnotes":""},"categories":[12],"tags":[],"class_list":["post-91389","post","type-post","status-publish","format-standard","has-post-thumbnail","hentry","category-cidade"],"_links":{"self":[{"href":"https:\/\/tvc16.com\/portal\/wp-json\/wp\/v2\/posts\/91389","targetHints":{"allow":["GET"]}}],"collection":[{"href":"https:\/\/tvc16.com\/portal\/wp-json\/wp\/v2\/posts"}],"about":[{"href":"https:\/\/tvc16.com\/portal\/wp-json\/wp\/v2\/types\/post"}],"author":[{"embeddable":true,"href":"https:\/\/tvc16.com\/portal\/wp-json\/wp\/v2\/users\/2"}],"replies":[{"embeddable":true,"href":"https:\/\/tvc16.com\/portal\/wp-json\/wp\/v2\/comments?post=91389"}],"version-history":[{"count":1,"href":"https:\/\/tvc16.com\/portal\/wp-json\/wp\/v2\/posts\/91389\/revisions"}],"predecessor-version":[{"id":91391,"href":"https:\/\/tvc16.com\/portal\/wp-json\/wp\/v2\/posts\/91389\/revisions\/91391"}],"wp:featuredmedia":[{"embeddable":true,"href":"https:\/\/tvc16.com\/portal\/wp-json\/wp\/v2\/media\/91390"}],"wp:attachment":[{"href":"https:\/\/tvc16.com\/portal\/wp-json\/wp\/v2\/media?parent=91389"}],"wp:term":[{"taxonomy":"category","embeddable":true,"href":"https:\/\/tvc16.com\/portal\/wp-json\/wp\/v2\/categories?post=91389"},{"taxonomy":"post_tag","embeddable":true,"href":"https:\/\/tvc16.com\/portal\/wp-json\/wp\/v2\/tags?post=91389"}],"curies":[{"name":"wp","href":"https:\/\/api.w.org\/{rel}","templated":true}]}}