{"id":91430,"date":"2024-09-29T13:17:02","date_gmt":"2024-09-29T16:17:02","guid":{"rendered":"https:\/\/tvc16.com\/portal\/?p=91430"},"modified":"2024-09-29T13:17:16","modified_gmt":"2024-09-29T16:17:16","slug":"homem-que-estava-foragido-da-justica-e-preso-no-vila-rica-em-petropolis","status":"publish","type":"post","link":"https:\/\/tvc16.com\/portal\/2024\/09\/29\/homem-que-estava-foragido-da-justica-e-preso-no-vila-rica-em-petropolis\/","title":{"rendered":"Homem que estava foragido da Justi\u00e7a \u00e9 preso no Vila Rica, em Petr\u00f3polis"},"content":{"rendered":"\n<p>Na tarde deste s\u00e1bado (28), um homem que estava foragido da Justi\u00e7a foi preso por Policiais Militares do 26\u00ba Batalh\u00e3o, na regi\u00e3o do Vila Rica, em Petr\u00f3polis. Contra ele, havia um mandado de pris\u00e3o pelo tr\u00e1fico de drogas.<\/p>\n\n\n\n<p>Ele foi encaminhado \u00e0 105\u00aa Delegacia de Pol\u00edcia, no Retiro, onde permaneceu preso e \u00e0 disposi\u00e7\u00e3o da Justi\u00e7a.<\/p>\n","protected":false},"excerpt":{"rendered":"<p>Na tarde deste s\u00e1bado (28), um homem que estava foragido da Justi\u00e7a foi preso por<\/p>\n","protected":false},"author":2,"featured_media":55538,"comment_status":"open","ping_status":"open","sticky":false,"template":"","format":"standard","meta":{"footnotes":""},"categories":[12],"tags":[],"class_list":["post-91430","post","type-post","status-publish","format-standard","has-post-thumbnail","hentry","category-cidade"],"_links":{"self":[{"href":"https:\/\/tvc16.com\/portal\/wp-json\/wp\/v2\/posts\/91430","targetHints":{"allow":["GET"]}}],"collection":[{"href":"https:\/\/tvc16.com\/portal\/wp-json\/wp\/v2\/posts"}],"about":[{"href":"https:\/\/tvc16.com\/portal\/wp-json\/wp\/v2\/types\/post"}],"author":[{"embeddable":true,"href":"https:\/\/tvc16.com\/portal\/wp-json\/wp\/v2\/users\/2"}],"replies":[{"embeddable":true,"href":"https:\/\/tvc16.com\/portal\/wp-json\/wp\/v2\/comments?post=91430"}],"version-history":[{"count":1,"href":"https:\/\/tvc16.com\/portal\/wp-json\/wp\/v2\/posts\/91430\/revisions"}],"predecessor-version":[{"id":91431,"href":"https:\/\/tvc16.com\/portal\/wp-json\/wp\/v2\/posts\/91430\/revisions\/91431"}],"wp:featuredmedia":[{"embeddable":true,"href":"https:\/\/tvc16.com\/portal\/wp-json\/wp\/v2\/media\/55538"}],"wp:attachment":[{"href":"https:\/\/tvc16.com\/portal\/wp-json\/wp\/v2\/media?parent=91430"}],"wp:term":[{"taxonomy":"category","embeddable":true,"href":"https:\/\/tvc16.com\/portal\/wp-json\/wp\/v2\/categories?post=91430"},{"taxonomy":"post_tag","embeddable":true,"href":"https:\/\/tvc16.com\/portal\/wp-json\/wp\/v2\/tags?post=91430"}],"curies":[{"name":"wp","href":"https:\/\/api.w.org\/{rel}","templated":true}]}}