{"id":91437,"date":"2024-09-30T07:49:30","date_gmt":"2024-09-30T10:49:30","guid":{"rendered":"https:\/\/tvc16.com\/portal\/?p=91437"},"modified":"2024-09-30T07:50:19","modified_gmt":"2024-09-30T10:50:19","slug":"projeto-piloto-em-tecnologia-em-teresopolis-e-a-atencao-primaria-a-saude-sao-aliadas-para-a-gestao-de-riscos-de-desastres","status":"publish","type":"post","link":"https:\/\/tvc16.com\/portal\/2024\/09\/30\/projeto-piloto-em-tecnologia-em-teresopolis-e-a-atencao-primaria-a-saude-sao-aliadas-para-a-gestao-de-riscos-de-desastres\/","title":{"rendered":"Projeto-piloto em tecnologia em Teres\u00f3polis e a Aten\u00e7\u00e3o Prim\u00e1ria \u00e0 Sa\u00fade s\u00e3o aliadas para a gest\u00e3o de riscos de desastres"},"content":{"rendered":"\n<p>Os secret\u00e1rios de Sa\u00fade de Teres\u00f3polis, Dr\u00aa Clarissa Rippel, e de Defesa Civil, cel. Albert de Andrade, participaram do evento do G20 \u2018Sa\u00fade \u2013 Inova\u00e7\u00e3o e Intelig\u00eancia Artificial Aplicada na Sa\u00fade\u2019 , no Rio de Janeiro, nesta quinta-feira, 26, organizado pelo Governo do Estado do Rio de Janeiro, por meio da Secretaria de Estado de Sa\u00fade (SES-RJ). Os secret\u00e1rios integraram o Painel \u2018O Papel da Aten\u00e7\u00e3o Prim\u00e1ria \u00e0 Sa\u00fade na Gest\u00e3o dos Riscos de Desastres\u2019, juntamente com representantes do governo do estado, com a modera\u00e7\u00e3o da secret\u00e1ria de estado de Sa\u00fade do Rio de Janeiro, Cl\u00e1udia Mello.<\/p>\n\n\n\n<p>Na ocasi\u00e3o, foi apresentado o v\u00eddeo sobre o projeto-piloto&nbsp;\u2018Exerc\u00edcio Simulado\u2013 Aten\u00e7\u00e3o Prim\u00e1ria \u00e0 Sa\u00fade \u2013 A\u00e7\u00f5es contra as mudan\u00e7as clim\u00e1ticas\u2019, desenvolvido pela SES-RJ, em parceria com Teres\u00f3polis, por meio da Secretaria M. de Sa\u00fade, com o apoio da Secretaria M. de Defesa Civil.<\/p>\n\n\n\n<p>\u201cAssim que recebemos essa miss\u00e3o dada pelo cel. Sim\u00f5es, nossa equipe abra\u00e7ou de pronto. A Regi\u00e3o Serrana j\u00e1 passou por enormes cat\u00e1strofes naturais e nada mais adequado do que fazer um projeto-piloto desse numa cidade serrana como a nossa. Tivemos a participa\u00e7\u00e3o da popula\u00e7\u00e3o e dos servidores da Sa\u00fade e da Defesa Civil em um projeto que busca salvar vidas! E isso \u00e9 gratificante para todos n\u00f3s que fizemos parte dessa a\u00e7\u00e3o\u201d, ressaltou dr\u00aa Clarissa Rippel.&nbsp;&nbsp;&nbsp;<\/p>\n\n\n\n<p>Al\u00e9m da dr\u00aa Clarissa Rippel e do cel. Albert de Andrade, o painel teve como palestrantes cel. S\u00e9rgio Sim\u00f5es, assessor especial da Secretaria de Estado de Sa\u00fade (SES-RJ), Silvia Carvalho, superintendente de Emerg\u00eancia e Sa\u00fade P\u00fablica da SES-RJ e de Halene Armada, superintendente de APS da SES-RJ. A secret\u00e1ria de estado de Sa\u00fade, Cl\u00e1udia Mello, foi a moderadora da din\u00e2mica.<\/p>\n\n\n\n<p><strong>O projeto<\/strong><\/p>\n\n\n\n<p>O projeto-piloto \u2018Exerc\u00edcio Simulado\u2013 Aten\u00e7\u00e3o Prim\u00e1ria \u00e0 Sa\u00fade \u2013 A\u00e7\u00f5es contra as mudan\u00e7as clim\u00e1ticas\u2019, desenvolvido pela Secretaria de Estado de Sa\u00fade (SES-RJ), em parceria com o Munic\u00edpio, por meio da Secretaria Municipal de Sa\u00fade, com o apoio da Secretaria M. de Defesa Civil, pelo qual os Agentes Comunit\u00e1rios de Sa\u00fade (ACS) s\u00e3o treinados para mapear \u00e1reas suscet\u00edveis a desastres naturais, a fim de localizar moradores acamados, amputados e com dificuldade de mobilidade. Eles assumem papel fundamental no territ\u00f3rio em que atuam. S\u00e3o eles que acionam, por telefone, os moradores cadastrados, pessoas com defici\u00eancia e limita\u00e7\u00f5es de deslocamento, sejam idosos, gestantes ou acamados.&nbsp;<\/p>\n\n\n\n<p>O objetivo da for\u00e7a-tarefa \u00e9 a remo\u00e7\u00e3o antecipada destas pessoas, moradoras em \u00e1reas vulner\u00e1veis, seis horas antes da ocorr\u00eancia de eventos extremos, que s\u00e3o monitorados pelo Centro de Intelig\u00eancia em Sa\u00fade (CIS) do Governo do Estado.<\/p>\n\n\n\n<p><strong>Passo a passo da a\u00e7\u00e3o<\/strong><\/p>\n\n\n\n<p>\u2013 O Centro de Informa\u00e7\u00f5es Estrat\u00e9gicas de Vigil\u00e2ncia em Sa\u00fade (Cievs) da SES, respons\u00e1vel pelo Programa de Vigil\u00e2ncia de Riscos Associados aos Desastres, emitir\u00e1 alerta \u00e0 coordena\u00e7\u00e3o de Aten\u00e7\u00e3o Prim\u00e1ria de Teres\u00f3polis por e-mail e aplicativo de mensagem, com o objetivo de mobilizar as equipes da estrat\u00e9gia de sa\u00fade da fam\u00edlia.<\/p>\n\n\n\n<p>\u2013 A Secretaria M. de Defesa Civil far\u00e1 a mobiliza\u00e7\u00e3o log\u00edstica de viaturas, equipamentos e materiais para o deslocamento das pessoas com dificuldades de locomo\u00e7\u00e3o para locais seguros e previamente determinados.<\/p>\n\n\n\n<p>O Exerc\u00edcio Simulado do projeto-piloto&nbsp;voltado para preven\u00e7\u00e3o de agravos \u00e0 sa\u00fade causados por enchentes e deslizamentos&nbsp;foi realizado&nbsp;no \u00faltimo dia 14,&nbsp;na comunidade do Pimentel, em Teres\u00f3polis, com a coordena\u00e7\u00e3o da&nbsp;Prefeitura de Teres\u00f3polis, por meio das Secretarias Municipais de Sa\u00fade e de Defesa Civil, em conjunto com a Secretaria de Estado de Sa\u00fade, representada pelo assessor especial, cel. S\u00e9rgio Sim\u00f5es e equipe.&nbsp;<\/p>\n\n\n\n<p>Gravada para a apresenta\u00e7\u00e3o na reuni\u00e3o do G20 Sa\u00fade, a a\u00e7\u00e3o foi focada na retirada de cinco pacientes com dificuldade de mobilidade e seus familiares, moradores em \u00e1rea de vulnerabilidade, que foram encaminhados para o&nbsp; Ponto de Apoio e Acolhimento, montado na Escola M. Prof\u00aa Irene Sant`Ana do Valle, na mesma comunidade.<\/p>\n\n\n\n<p><strong>Fotos: Divulga\u00e7\u00e3o<\/strong><\/p>\n\n\n\n<p><em>Assessoria de Comunica\u00e7\u00e3o Social Prefeitura Municipal de Teres\u00f3polis<\/em><\/p>\n","protected":false},"excerpt":{"rendered":"<p>Os secret\u00e1rios de Sa\u00fade de Teres\u00f3polis, Dr\u00aa Clarissa Rippel, e de Defesa Civil, cel. Albert<\/p>\n","protected":false},"author":2,"featured_media":91438,"comment_status":"open","ping_status":"open","sticky":false,"template":"","format":"standard","meta":{"footnotes":""},"categories":[17],"tags":[],"class_list":["post-91437","post","type-post","status-publish","format-standard","has-post-thumbnail","hentry","category-outras-noticias"],"_links":{"self":[{"href":"https:\/\/tvc16.com\/portal\/wp-json\/wp\/v2\/posts\/91437","targetHints":{"allow":["GET"]}}],"collection":[{"href":"https:\/\/tvc16.com\/portal\/wp-json\/wp\/v2\/posts"}],"about":[{"href":"https:\/\/tvc16.com\/portal\/wp-json\/wp\/v2\/types\/post"}],"author":[{"embeddable":true,"href":"https:\/\/tvc16.com\/portal\/wp-json\/wp\/v2\/users\/2"}],"replies":[{"embeddable":true,"href":"https:\/\/tvc16.com\/portal\/wp-json\/wp\/v2\/comments?post=91437"}],"version-history":[{"count":1,"href":"https:\/\/tvc16.com\/portal\/wp-json\/wp\/v2\/posts\/91437\/revisions"}],"predecessor-version":[{"id":91439,"href":"https:\/\/tvc16.com\/portal\/wp-json\/wp\/v2\/posts\/91437\/revisions\/91439"}],"wp:featuredmedia":[{"embeddable":true,"href":"https:\/\/tvc16.com\/portal\/wp-json\/wp\/v2\/media\/91438"}],"wp:attachment":[{"href":"https:\/\/tvc16.com\/portal\/wp-json\/wp\/v2\/media?parent=91437"}],"wp:term":[{"taxonomy":"category","embeddable":true,"href":"https:\/\/tvc16.com\/portal\/wp-json\/wp\/v2\/categories?post=91437"},{"taxonomy":"post_tag","embeddable":true,"href":"https:\/\/tvc16.com\/portal\/wp-json\/wp\/v2\/tags?post=91437"}],"curies":[{"name":"wp","href":"https:\/\/api.w.org\/{rel}","templated":true}]}}