{"id":9148,"date":"2021-01-03T12:02:44","date_gmt":"2021-01-03T15:02:44","guid":{"rendered":"https:\/\/tvc16.com\/portal\/?p=9148"},"modified":"2021-01-03T12:07:41","modified_gmt":"2021-01-03T15:07:41","slug":"o-panteao-nacional-conheca-uma-das-mais-imponentes-construcoes-arquitetonicas-de-portugal","status":"publish","type":"post","link":"https:\/\/tvc16.com\/portal\/2021\/01\/03\/o-panteao-nacional-conheca-uma-das-mais-imponentes-construcoes-arquitetonicas-de-portugal\/","title":{"rendered":"O Pante\u00e3o Nacional. Conhe\u00e7a uma das mais imponentes constru\u00e7\u00f5es arquitet\u00f4nicas de Portugal"},"content":{"rendered":"\n<p><em><strong>Por Sandra Brito <\/strong><\/em><\/p>\n\n\n\n<p><\/p>\n\n\n\n<p><\/p>\n\n\n\n<p>O Pante\u00e3o Nacional, criado por Decreto de 26 de setembro de 1836, encontra-se instalado em Lisboa, pr\u00f3ximo da regi\u00e3o de Alfama, na zona hist\u00f3rica de Santa Clara.<\/p>\n\n\n\n<figure class=\"wp-block-image size-large\"><img loading=\"lazy\" decoding=\"async\" width=\"1024\" height=\"769\" src=\"https:\/\/tvc16.com\/portal\/wp-content\/uploads\/2021\/01\/Foto-1-1024x769.jpg\" alt=\"\" class=\"wp-image-9150\" srcset=\"https:\/\/tvc16.com\/portal\/wp-content\/uploads\/2021\/01\/Foto-1-1024x769.jpg 1024w, https:\/\/tvc16.com\/portal\/wp-content\/uploads\/2021\/01\/Foto-1-300x225.jpg 300w, https:\/\/tvc16.com\/portal\/wp-content\/uploads\/2021\/01\/Foto-1-768x577.jpg 768w, https:\/\/tvc16.com\/portal\/wp-content\/uploads\/2021\/01\/Foto-1-1536x1154.jpg 1536w, https:\/\/tvc16.com\/portal\/wp-content\/uploads\/2021\/01\/Foto-1-200x150.jpg 200w, https:\/\/tvc16.com\/portal\/wp-content\/uploads\/2021\/01\/Foto-1.jpg 2048w\" sizes=\"auto, (max-width: 1024px) 100vw, 1024px\" \/><\/figure>\n\n\n\n<p>Em 1682, iniciou-se no local a constru\u00e7\u00e3o da Igreja de Santa Engr\u00e1cia. As obras, no entanto, arrastaram-se no tempo, fazendo com que o edif\u00edcio s\u00f3 fosse conclu\u00eddo no in\u00edcio dos anos 60, j\u00e1 no s\u00e9culo 20.<\/p>\n\n\n\n<p>A ordem para sua conclus\u00e3o seguia a lei 1916, que determinava que a Igreja de Santa Engr\u00e1cia fosse transformada em um Pante\u00e3o Nacional.<\/p>\n\n\n\n<figure class=\"wp-block-image size-large\"><img loading=\"lazy\" decoding=\"async\" width=\"1024\" height=\"576\" src=\"https:\/\/tvc16.com\/portal\/wp-content\/uploads\/2021\/01\/foto-2-1024x576.jpg\" alt=\"\" class=\"wp-image-9151\" srcset=\"https:\/\/tvc16.com\/portal\/wp-content\/uploads\/2021\/01\/foto-2-1024x576.jpg 1024w, https:\/\/tvc16.com\/portal\/wp-content\/uploads\/2021\/01\/foto-2-300x169.jpg 300w, https:\/\/tvc16.com\/portal\/wp-content\/uploads\/2021\/01\/foto-2-768x432.jpg 768w, https:\/\/tvc16.com\/portal\/wp-content\/uploads\/2021\/01\/foto-2-1536x864.jpg 1536w, https:\/\/tvc16.com\/portal\/wp-content\/uploads\/2021\/01\/foto-2-2048x1152.jpg 2048w\" sizes=\"auto, (max-width: 1024px) 100vw, 1024px\" \/><\/figure>\n\n\n\n<p>Curiosamente, o maior s\u00edmbolo do barroco portugu\u00eas foi usado pelo Estado Novo como arma de propaganda: ao conseguir finalizar aquele t\u00e3o demorado projeto, o governo demonstrava ser capaz de solucionar velhos problemas em um curto prazo de tempo. Gra\u00e7as aos interesses pol\u00edticos, o Pante\u00e3o de Lisboa foi finalmente inaugurado em 1966, em celebra\u00e7\u00e3o ao quadrag\u00e9simo anivers\u00e1rio do Estado Novo.<\/p>\n\n\n\n<figure class=\"wp-block-image size-large\"><img loading=\"lazy\" decoding=\"async\" width=\"1024\" height=\"576\" src=\"https:\/\/tvc16.com\/portal\/wp-content\/uploads\/2021\/01\/foto-3-1024x576.jpg\" alt=\"\" class=\"wp-image-9152\" srcset=\"https:\/\/tvc16.com\/portal\/wp-content\/uploads\/2021\/01\/foto-3-1024x576.jpg 1024w, https:\/\/tvc16.com\/portal\/wp-content\/uploads\/2021\/01\/foto-3-300x169.jpg 300w, https:\/\/tvc16.com\/portal\/wp-content\/uploads\/2021\/01\/foto-3-768x432.jpg 768w, https:\/\/tvc16.com\/portal\/wp-content\/uploads\/2021\/01\/foto-3-1536x864.jpg 1536w, https:\/\/tvc16.com\/portal\/wp-content\/uploads\/2021\/01\/foto-3-2048x1152.jpg 2048w\" sizes=\"auto, (max-width: 1024px) 100vw, 1024px\" \/><\/figure>\n\n\n\n<p>Detalhes da bel\u00edssima arquitetura barroca! Embora nunca chegasse a abrir ao culto, o Pante\u00e3o conserva, sob a c\u00fapula moderna e refinadamente elaborada, o espa\u00e7o majestoso da nave, ainda mais encantadora pela decora\u00e7\u00e3o de m\u00e1rmores coloridos, caracter\u00edstica da arquitetura barroca portuguesa.<\/p>\n\n\n\n<figure class=\"wp-block-image size-large\"><img loading=\"lazy\" decoding=\"async\" width=\"1024\" height=\"576\" src=\"https:\/\/tvc16.com\/portal\/wp-content\/uploads\/2021\/01\/foto-4-1024x576.jpg\" alt=\"\" class=\"wp-image-9153\" srcset=\"https:\/\/tvc16.com\/portal\/wp-content\/uploads\/2021\/01\/foto-4-1024x576.jpg 1024w, https:\/\/tvc16.com\/portal\/wp-content\/uploads\/2021\/01\/foto-4-300x169.jpg 300w, https:\/\/tvc16.com\/portal\/wp-content\/uploads\/2021\/01\/foto-4-768x432.jpg 768w, https:\/\/tvc16.com\/portal\/wp-content\/uploads\/2021\/01\/foto-4-1536x864.jpg 1536w, https:\/\/tvc16.com\/portal\/wp-content\/uploads\/2021\/01\/foto-4-2048x1152.jpg 2048w\" sizes=\"auto, (max-width: 1024px) 100vw, 1024px\" \/><\/figure>\n\n\n\n<p><\/p>\n\n\n\n<p><\/p>\n\n\n\n<p><\/p>\n\n\n\n<div class=\"wp-block-image\"><figure class=\"aligncenter size-large is-resized\"><img loading=\"lazy\" decoding=\"async\" src=\"https:\/\/tvc16.com\/portal\/wp-content\/uploads\/2021\/01\/foto-5-576x1024.jpg\" alt=\"\" class=\"wp-image-9154\" width=\"468\" height=\"832\" srcset=\"https:\/\/tvc16.com\/portal\/wp-content\/uploads\/2021\/01\/foto-5-576x1024.jpg 576w, https:\/\/tvc16.com\/portal\/wp-content\/uploads\/2021\/01\/foto-5-169x300.jpg 169w, https:\/\/tvc16.com\/portal\/wp-content\/uploads\/2021\/01\/foto-5-768x1365.jpg 768w, https:\/\/tvc16.com\/portal\/wp-content\/uploads\/2021\/01\/foto-5-864x1536.jpg 864w, https:\/\/tvc16.com\/portal\/wp-content\/uploads\/2021\/01\/foto-5-1152x2048.jpg 1152w, https:\/\/tvc16.com\/portal\/wp-content\/uploads\/2021\/01\/foto-5-scaled.jpg 1440w\" sizes=\"auto, (max-width: 468px) 100vw, 468px\" \/><\/figure><\/div>\n\n\n\n<p><\/p>\n\n\n\n<p><\/p>\n\n\n\n<p><\/p>\n\n\n\n<div class=\"wp-block-image\"><figure class=\"aligncenter size-large is-resized\"><img loading=\"lazy\" decoding=\"async\" src=\"https:\/\/tvc16.com\/portal\/wp-content\/uploads\/2021\/01\/foto-6-576x1024.jpg\" alt=\"\" class=\"wp-image-9155\" width=\"469\" height=\"833\" srcset=\"https:\/\/tvc16.com\/portal\/wp-content\/uploads\/2021\/01\/foto-6-576x1024.jpg 576w, https:\/\/tvc16.com\/portal\/wp-content\/uploads\/2021\/01\/foto-6-169x300.jpg 169w, https:\/\/tvc16.com\/portal\/wp-content\/uploads\/2021\/01\/foto-6-768x1365.jpg 768w, https:\/\/tvc16.com\/portal\/wp-content\/uploads\/2021\/01\/foto-6-864x1536.jpg 864w, https:\/\/tvc16.com\/portal\/wp-content\/uploads\/2021\/01\/foto-6-1152x2048.jpg 1152w, https:\/\/tvc16.com\/portal\/wp-content\/uploads\/2021\/01\/foto-6-scaled.jpg 1440w\" sizes=\"auto, (max-width: 469px) 100vw, 469px\" \/><\/figure><\/div>\n\n\n\n<p><\/p>\n\n\n\n<p>O Pante\u00e3o destina-se a homenagear e a perpetuar a mem\u00f3ria dos cidad\u00e3os portugueses que se distinguiram por servi\u00e7os prestados ao Pa\u00eds, no exerc\u00edcio de altos cargos p\u00fablicos e de servi\u00e7os militares, na expans\u00e3o da cultura portuguesa, na cria\u00e7\u00e3o liter\u00e1ria, cient\u00edfica e art\u00edstica ou na defesa dos valores da civiliza\u00e7\u00e3o, em prol da dignifica\u00e7\u00e3o da pessoa humana e da causa da liberdade.<\/p>\n\n\n\n<p><\/p>\n\n\n\n<figure class=\"wp-block-image size-large\"><img loading=\"lazy\" decoding=\"async\" width=\"1024\" height=\"576\" src=\"https:\/\/tvc16.com\/portal\/wp-content\/uploads\/2021\/01\/foto-7-1024x576.jpg\" alt=\"\" class=\"wp-image-9156\" srcset=\"https:\/\/tvc16.com\/portal\/wp-content\/uploads\/2021\/01\/foto-7-1024x576.jpg 1024w, https:\/\/tvc16.com\/portal\/wp-content\/uploads\/2021\/01\/foto-7-300x169.jpg 300w, https:\/\/tvc16.com\/portal\/wp-content\/uploads\/2021\/01\/foto-7-768x432.jpg 768w, https:\/\/tvc16.com\/portal\/wp-content\/uploads\/2021\/01\/foto-7-1536x864.jpg 1536w, https:\/\/tvc16.com\/portal\/wp-content\/uploads\/2021\/01\/foto-7.jpg 2048w\" sizes=\"auto, (max-width: 1024px) 100vw, 1024px\" \/><\/figure>\n\n\n\n<p><\/p>\n\n\n\n<p>As honras do Pante\u00e3o podem consistir na recolha dos restos mortais destes cidad\u00e3os ou na afixa\u00e7\u00e3o de l\u00e1pide alusiva \u00e0 sua vida e \u00e0 sua obra. Atualmente, o Pante\u00e3o Nacional abriga alguns dos cenot\u00e1fios* de her\u00f3is da Hist\u00f3ria de Portugal, como D. Nuno \u00c1lvares Pereira, Infante D. Henrique e Pedro \u00c1lvares Cabral.<\/p>\n\n\n\n<p>Entre as personalidades que a\u00ed est\u00e3o sepultadas, encontramos: Almeida Garrett (escritor); Am\u00e1lia Rodrigues (cantora de fado); Aquilino Ribeiro (escritor); Eus\u00e9bio da Silva Ferreira (jogador de futebol); Guerra Junqueiro (escritor); Jo\u00e3o de Deus (escritor); Manuel de Arriaga (presidente da Rep\u00fablica); \u00d3scar Carmona (presidente da Rep\u00fablica); Sid\u00f3nio Pais (presidente da Rep\u00fablica); Te\u00f3filo Braga (presidente da Rep\u00fablica); Sophia de Mello Breyner Andresen (escritora).<\/p>\n\n\n\n<p><\/p>\n\n\n\n<figure class=\"wp-block-image size-large\"><img loading=\"lazy\" decoding=\"async\" width=\"1024\" height=\"576\" src=\"https:\/\/tvc16.com\/portal\/wp-content\/uploads\/2021\/01\/foto-8-1024x576.jpg\" alt=\"\" class=\"wp-image-9157\" srcset=\"https:\/\/tvc16.com\/portal\/wp-content\/uploads\/2021\/01\/foto-8-1024x576.jpg 1024w, https:\/\/tvc16.com\/portal\/wp-content\/uploads\/2021\/01\/foto-8-300x169.jpg 300w, https:\/\/tvc16.com\/portal\/wp-content\/uploads\/2021\/01\/foto-8-768x432.jpg 768w, https:\/\/tvc16.com\/portal\/wp-content\/uploads\/2021\/01\/foto-8-1536x864.jpg 1536w, https:\/\/tvc16.com\/portal\/wp-content\/uploads\/2021\/01\/foto-8-2048x1152.jpg 2048w\" sizes=\"auto, (max-width: 1024px) 100vw, 1024px\" \/><\/figure>\n\n\n\n<p><\/p>\n\n\n\n<p>Sophia de Mello Breyner Andresen (Porto, 6 de novembro de 1919 \u2014 Lisboa, 2 de Julho de 2004) foi uma das mais importantes poetisas portuguesas do s\u00e9culo XX. Foi a primeira mulher portuguesa a receber o mais importante galard\u00e3o liter\u00e1rio da l\u00edngua portuguesa, o Pr\u00eamio Cam\u00f5es, em 1998. O seu corpo est\u00e1 no Pante\u00e3o Nacional desde 2014.<\/p>\n\n\n\n<p>&#8220;Num deserto sem \u00e1gua<br>Numa noite sem lua<br>Num pa\u00eds sem nome<br>Ou numa terra nua<br>Por maior que seja o desespero<br>Nenhuma aus\u00eancia \u00e9 mais funda do que a tua.&#8221;<br>(Sophia de Mello Breyner Andresen)<\/p>\n\n\n\n<p><\/p>\n\n\n\n<div class=\"wp-block-image\"><figure class=\"aligncenter size-large is-resized\"><img loading=\"lazy\" decoding=\"async\" src=\"https:\/\/tvc16.com\/portal\/wp-content\/uploads\/2021\/01\/foto-9-576x1024.jpg\" alt=\"\" class=\"wp-image-9158\" width=\"518\" height=\"920\" srcset=\"https:\/\/tvc16.com\/portal\/wp-content\/uploads\/2021\/01\/foto-9-576x1024.jpg 576w, https:\/\/tvc16.com\/portal\/wp-content\/uploads\/2021\/01\/foto-9-169x300.jpg 169w, https:\/\/tvc16.com\/portal\/wp-content\/uploads\/2021\/01\/foto-9-768x1365.jpg 768w, https:\/\/tvc16.com\/portal\/wp-content\/uploads\/2021\/01\/foto-9-864x1536.jpg 864w, https:\/\/tvc16.com\/portal\/wp-content\/uploads\/2021\/01\/foto-9-1152x2048.jpg 1152w, https:\/\/tvc16.com\/portal\/wp-content\/uploads\/2021\/01\/foto-9-scaled.jpg 1440w\" sizes=\"auto, (max-width: 518px) 100vw, 518px\" \/><\/figure><\/div>\n\n\n\n<p><\/p>\n\n\n\n<p>Al\u00e9m de poder ser avistado de longe, o Pante\u00e3o tamb\u00e9m possibilita uma vis\u00e3o privilegiada para o Rio Tejo.<\/p>\n\n\n\n<p><\/p>\n\n\n\n<figure class=\"wp-block-image size-large\"><img loading=\"lazy\" decoding=\"async\" width=\"1024\" height=\"576\" src=\"https:\/\/tvc16.com\/portal\/wp-content\/uploads\/2021\/01\/foto-10-1024x576.jpg\" alt=\"\" class=\"wp-image-9159\" srcset=\"https:\/\/tvc16.com\/portal\/wp-content\/uploads\/2021\/01\/foto-10-1024x576.jpg 1024w, https:\/\/tvc16.com\/portal\/wp-content\/uploads\/2021\/01\/foto-10-300x169.jpg 300w, https:\/\/tvc16.com\/portal\/wp-content\/uploads\/2021\/01\/foto-10-768x432.jpg 768w, https:\/\/tvc16.com\/portal\/wp-content\/uploads\/2021\/01\/foto-10-1536x864.jpg 1536w, https:\/\/tvc16.com\/portal\/wp-content\/uploads\/2021\/01\/foto-10-2048x1152.jpg 2048w\" sizes=\"auto, (max-width: 1024px) 100vw, 1024px\" \/><\/figure>\n\n\n\n<p><\/p>\n\n\n\n<p><\/p>\n\n\n\n<p><\/p>\n\n\n\n<figure class=\"wp-block-image size-large\"><img loading=\"lazy\" decoding=\"async\" width=\"1024\" height=\"576\" src=\"https:\/\/tvc16.com\/portal\/wp-content\/uploads\/2021\/01\/foto-11-1024x576.jpg\" alt=\"\" class=\"wp-image-9160\" srcset=\"https:\/\/tvc16.com\/portal\/wp-content\/uploads\/2021\/01\/foto-11-1024x576.jpg 1024w, https:\/\/tvc16.com\/portal\/wp-content\/uploads\/2021\/01\/foto-11-300x169.jpg 300w, https:\/\/tvc16.com\/portal\/wp-content\/uploads\/2021\/01\/foto-11-768x432.jpg 768w, https:\/\/tvc16.com\/portal\/wp-content\/uploads\/2021\/01\/foto-11-1536x864.jpg 1536w, https:\/\/tvc16.com\/portal\/wp-content\/uploads\/2021\/01\/foto-11-2048x1152.jpg 2048w\" sizes=\"auto, (max-width: 1024px) 100vw, 1024px\" \/><\/figure>\n\n\n\n<p><\/p>\n\n\n\n<p>De seu terra\u00e7o, a vista dos edif\u00edcios brancos com telhados cor de terra parece n\u00e3o ter fim e oferece um panorama bastante peculiar da parte antiga da cidade.<\/p>\n\n\n\n<p><\/p>\n\n\n\n<figure class=\"wp-block-image size-large\"><img loading=\"lazy\" decoding=\"async\" width=\"1024\" height=\"576\" src=\"https:\/\/tvc16.com\/portal\/wp-content\/uploads\/2021\/01\/IMG-20210103-WA0000-1024x576.jpg\" alt=\"\" class=\"wp-image-9161\" srcset=\"https:\/\/tvc16.com\/portal\/wp-content\/uploads\/2021\/01\/IMG-20210103-WA0000-1024x576.jpg 1024w, https:\/\/tvc16.com\/portal\/wp-content\/uploads\/2021\/01\/IMG-20210103-WA0000-300x169.jpg 300w, https:\/\/tvc16.com\/portal\/wp-content\/uploads\/2021\/01\/IMG-20210103-WA0000-768x432.jpg 768w, https:\/\/tvc16.com\/portal\/wp-content\/uploads\/2021\/01\/IMG-20210103-WA0000.jpg 1280w\" sizes=\"auto, (max-width: 1024px) 100vw, 1024px\" \/><\/figure>\n\n\n\n<p><\/p>\n\n\n\n<p><\/p>\n\n\n\n<p><\/p>\n\n\n\n<figure class=\"wp-block-image size-large\"><img loading=\"lazy\" decoding=\"async\" width=\"1024\" height=\"576\" src=\"https:\/\/tvc16.com\/portal\/wp-content\/uploads\/2021\/01\/IMG-20210103-WA0001-1024x576.jpg\" alt=\"\" class=\"wp-image-9162\" srcset=\"https:\/\/tvc16.com\/portal\/wp-content\/uploads\/2021\/01\/IMG-20210103-WA0001-1024x576.jpg 1024w, https:\/\/tvc16.com\/portal\/wp-content\/uploads\/2021\/01\/IMG-20210103-WA0001-300x169.jpg 300w, https:\/\/tvc16.com\/portal\/wp-content\/uploads\/2021\/01\/IMG-20210103-WA0001-768x432.jpg 768w, https:\/\/tvc16.com\/portal\/wp-content\/uploads\/2021\/01\/IMG-20210103-WA0001.jpg 1280w\" sizes=\"auto, (max-width: 1024px) 100vw, 1024px\" \/><\/figure>\n\n\n\n<p><\/p>\n\n\n\n<p>Com 40 metros de altura, o local presenteia os visitantes com uma vista \u00fanica sobre uma das sete colinas da capital portuguesa. Ponto imperd\u00edvel de visita\u00e7\u00e3o em Lisboa, tanto pela hist\u00f3ria quanto pela fant\u00e1stica vista! At\u00e9 a pr\u00f3xima!<\/p>\n\n\n\n<p><\/p>\n\n\n\n<div class=\"wp-block-image\"><figure class=\"aligncenter size-large is-resized\"><img loading=\"lazy\" decoding=\"async\" src=\"https:\/\/tvc16.com\/portal\/wp-content\/uploads\/2021\/01\/IMG-20210103-WA0003-1-576x1024.jpg\" alt=\"\" class=\"wp-image-9164\" width=\"503\" height=\"894\" srcset=\"https:\/\/tvc16.com\/portal\/wp-content\/uploads\/2021\/01\/IMG-20210103-WA0003-1-576x1024.jpg 576w, https:\/\/tvc16.com\/portal\/wp-content\/uploads\/2021\/01\/IMG-20210103-WA0003-1-169x300.jpg 169w, https:\/\/tvc16.com\/portal\/wp-content\/uploads\/2021\/01\/IMG-20210103-WA0003-1-rotated.jpg 720w\" sizes=\"auto, (max-width: 503px) 100vw, 503px\" \/><\/figure><\/div>\n\n\n\n<p><\/p>\n\n\n\n<p><\/p>\n\n\n\n<p><\/p>\n\n\n\n<figure class=\"wp-block-image size-large\"><img loading=\"lazy\" decoding=\"async\" width=\"1024\" height=\"576\" src=\"https:\/\/tvc16.com\/portal\/wp-content\/uploads\/2021\/01\/IMG-20210103-WA0002-1024x576.jpg\" alt=\"\" class=\"wp-image-9165\" srcset=\"https:\/\/tvc16.com\/portal\/wp-content\/uploads\/2021\/01\/IMG-20210103-WA0002-1024x576.jpg 1024w, https:\/\/tvc16.com\/portal\/wp-content\/uploads\/2021\/01\/IMG-20210103-WA0002-300x169.jpg 300w, https:\/\/tvc16.com\/portal\/wp-content\/uploads\/2021\/01\/IMG-20210103-WA0002-768x432.jpg 768w, https:\/\/tvc16.com\/portal\/wp-content\/uploads\/2021\/01\/IMG-20210103-WA0002.jpg 1280w\" sizes=\"auto, (max-width: 1024px) 100vw, 1024px\" \/><\/figure>\n\n\n\n<p><\/p>\n\n\n\n<p><\/p>\n\n\n\n<p><\/p>\n\n\n\n<figure class=\"wp-block-image size-large\"><img loading=\"lazy\" decoding=\"async\" width=\"1024\" height=\"576\" src=\"https:\/\/tvc16.com\/portal\/wp-content\/uploads\/2021\/01\/IMG-20210103-WA0004-1024x576.jpg\" alt=\"\" class=\"wp-image-9166\" srcset=\"https:\/\/tvc16.com\/portal\/wp-content\/uploads\/2021\/01\/IMG-20210103-WA0004-1024x576.jpg 1024w, https:\/\/tvc16.com\/portal\/wp-content\/uploads\/2021\/01\/IMG-20210103-WA0004-300x169.jpg 300w, https:\/\/tvc16.com\/portal\/wp-content\/uploads\/2021\/01\/IMG-20210103-WA0004-768x432.jpg 768w, https:\/\/tvc16.com\/portal\/wp-content\/uploads\/2021\/01\/IMG-20210103-WA0004.jpg 1280w\" sizes=\"auto, (max-width: 1024px) 100vw, 1024px\" \/><figcaption>Sandra Brito &#8211; professora e escritora<\/figcaption><\/figure>\n\n\n\n<p><\/p>\n\n\n\n<p>*(T\u00famulo honor\u00e1rio; sepulcro ou monumento f\u00fanebre feito em mem\u00f3ria de algu\u00e9m cujo corpo n\u00e3o foi localizado, encontrado ou n\u00e3o se encontra ali sepultado).<\/p>\n","protected":false},"excerpt":{"rendered":"<p>Por Sandra Brito O Pante\u00e3o Nacional, criado por Decreto de 26 de setembro de 1836,<\/p>\n","protected":false},"author":2,"featured_media":9149,"comment_status":"open","ping_status":"open","sticky":false,"template":"","format":"standard","meta":{"footnotes":""},"categories":[16],"tags":[],"class_list":["post-9148","post","type-post","status-publish","format-standard","has-post-thumbnail","hentry","category-colunistas"],"_links":{"self":[{"href":"https:\/\/tvc16.com\/portal\/wp-json\/wp\/v2\/posts\/9148","targetHints":{"allow":["GET"]}}],"collection":[{"href":"https:\/\/tvc16.com\/portal\/wp-json\/wp\/v2\/posts"}],"about":[{"href":"https:\/\/tvc16.com\/portal\/wp-json\/wp\/v2\/types\/post"}],"author":[{"embeddable":true,"href":"https:\/\/tvc16.com\/portal\/wp-json\/wp\/v2\/users\/2"}],"replies":[{"embeddable":true,"href":"https:\/\/tvc16.com\/portal\/wp-json\/wp\/v2\/comments?post=9148"}],"version-history":[{"count":3,"href":"https:\/\/tvc16.com\/portal\/wp-json\/wp\/v2\/posts\/9148\/revisions"}],"predecessor-version":[{"id":9170,"href":"https:\/\/tvc16.com\/portal\/wp-json\/wp\/v2\/posts\/9148\/revisions\/9170"}],"wp:featuredmedia":[{"embeddable":true,"href":"https:\/\/tvc16.com\/portal\/wp-json\/wp\/v2\/media\/9149"}],"wp:attachment":[{"href":"https:\/\/tvc16.com\/portal\/wp-json\/wp\/v2\/media?parent=9148"}],"wp:term":[{"taxonomy":"category","embeddable":true,"href":"https:\/\/tvc16.com\/portal\/wp-json\/wp\/v2\/categories?post=9148"},{"taxonomy":"post_tag","embeddable":true,"href":"https:\/\/tvc16.com\/portal\/wp-json\/wp\/v2\/tags?post=9148"}],"curies":[{"name":"wp","href":"https:\/\/api.w.org\/{rel}","templated":true}]}}