{"id":917,"date":"2020-09-22T13:36:41","date_gmt":"2020-09-22T13:36:41","guid":{"rendered":"https:\/\/tvc16.com\/portal\/?p=917"},"modified":"2020-09-22T13:36:41","modified_gmt":"2020-09-22T13:36:41","slug":"pesquisa-diz-que-rio-tiete-tem-150-km-de-agua-impropria-para-uso","status":"publish","type":"post","link":"https:\/\/tvc16.com\/portal\/2020\/09\/22\/pesquisa-diz-que-rio-tiete-tem-150-km-de-agua-impropria-para-uso\/","title":{"rendered":"Pesquisa diz que Rio Tiet\u00ea tem 150 km de \u00e1gua impr\u00f3pria para uso"},"content":{"rendered":"\n<p>T\u00e9cnicos sugerem requalifica\u00e7\u00e3o ambiental das bacias hidrogr\u00e1ficas<\/p>\n\n\n\n<p>O trecho morto do Tiet\u00ea, maior rio do estado de S\u00e3o Paulo, ficou em 150 quil\u00f4metros (km) neste ano, deixando a \u00e1gua impr\u00f3pria para uso e inadequada para a vida aqu\u00e1tica nessa extens\u00e3o. No ano passado, o trecho morto \u2013 que inclui qualidade ruim ou p\u00e9ssima \u2013 alcan\u00e7ou a marca de 163 km. A menor mancha de polui\u00e7\u00e3o j\u00e1 registrada na s\u00e9rie hist\u00f3rica do levantamento ocorreu em 2014, quando a extens\u00e3o do trecho considerado morto foi de 71 km.<\/p>\n\n\n\n<p>Os dados s\u00e3o do relat\u00f3rio Observando o Tiet\u00ea 2020 \u2013 O retrato da qualidade da \u00e1gua e a evolu\u00e7\u00e3o dos indicadores de impacto do Projeto Tiet\u00ea, da Funda\u00e7\u00e3o SOS Mata Atl\u00e2ntica, lan\u00e7ado hoje (22), no Dia do Tiet\u00ea.<\/p>\n\n\n\n<p>\u201c\u00c9 urgente promover a requalifica\u00e7\u00e3o ambiental das bacias hidrogr\u00e1ficas paulistas, com envolvimento de todos os usu\u00e1rios e governos, com a\u00e7\u00f5es que come\u00e7am pela recupera\u00e7\u00e3o e a prote\u00e7\u00e3o de corpos d\u2019agua urbanos e rurais e que formam a vasta rede de drenagem das bacias hidrogr\u00e1ficas da Mata Atl\u00e2ntica\u201d, disse Malu Ribeiro, gerente da Funda\u00e7\u00e3o SOS Mata Atl\u00e2ntica.<\/p>\n\n\n\n<p>Neste ano, a qualidade de \u00e1gua ruim ficou dividida em dois trechos \u2013 diferente das manchas anteriores que eram cont\u00ednuas. Os 150 km equivalem a 26,05% da extens\u00e3o do rio monitorada pelo estudo.<\/p>\n\n\n\n<p>Trecho monitorado<\/p>\n\n\n\n<p>Por outro lado, a condi\u00e7\u00e3o de \u00e1gua boa e regular \u2013 o que permite vida aqu\u00e1tica, abastecimento p\u00fablico, produ\u00e7\u00e3o de alimentos, atividades de lazer e esportivas \u2013 foi encontrada em 382 km do rio, o que representa 66,32% do trecho monitorado.<\/p>\n\n\n\n<p>O estudo abrange, desde 2010, 576 km do rio Tiet\u00ea, desde o munic\u00edpio de Sales\u00f3polis, na sua nascente, at\u00e9 a jusante da eclusa de Barra Bonita, na Hidrovia Tiet\u00ea-Paran\u00e1. O Tiet\u00ea corta o estado por 1.100 km, desde sua nascente at\u00e9 a foz no Rio Paran\u00e1, no munic\u00edpio de Itapura. No entanto, para o relat\u00f3rio deste ano, n\u00e3o foi poss\u00edvel analisar 44 km (7,63%) do trecho historicamente monitorado devido \u00e0s dificuldades impostas pela pandemia.<\/p>\n\n\n\n<p>Esse trecho de 44 km, compreendido entre os munic\u00edpios de S\u00e3o Paulo e Barueri, a partir da ponte da Rodovia Anhanguera, \u00e9 bastante polu\u00eddo e apresenta pouca varia\u00e7\u00e3o na condi\u00e7\u00e3o de qualidade da \u00e1gua nas s\u00e9ries hist\u00f3ricas de monitoramento, segundo a SOS Mata Atl\u00e2ntica.<\/p>\n\n\n\n<p>\u201cSe fosse considerado com qualidade de \u00e1gua ruim, com base nos indicadores aferidos na Ponte das Bandeiras, at\u00e9 o subsequente em Santana de Parna\u00edba, a mancha de rio considerado polu\u00eddo e em condi\u00e7\u00f5es impr\u00f3prias atingiria 194 km, ficando maior que no per\u00edodo anterior, de setembro de 2018 a agosto de 2019, quando estava contida, de forma cont\u00ednua, em 163 km\u201d, avaliou a funda\u00e7\u00e3o.<\/p>\n\n\n\n<p>A entidade realizou a coleta em 83 pontos &#8211; distribu\u00eddos em 47 rios de 38 munic\u00edpios -, seis (7,2%) mantiveram qualidade de \u00e1gua boa de forma perene, 55 (66,3%) regular, 21 (25,3%) ruim e 1 (1,2%) p\u00e9ssimo. Nenhum ponto registrou qualidade de \u00e1gua \u00f3tima.<\/p>\n\n\n\n<p>N\u00e3o houve registro de trechos com qualidade de \u00e1gua p\u00e9ssima ao longo do rio Tiet\u00ea, apenas em um de seus afluentes, o C\u00f3rrego Jos\u00e9 Gladiador, na cidade de S\u00e3o Paulo. Os pontos analisados est\u00e3o distribu\u00eddos nas bacias hidrogr\u00e1ficas do Alto Tiet\u00ea, M\u00e9dio Tiet\u00ea, Sorocaba e Piracicaba, Capivari e Jundia\u00ed.<\/p>\n\n\n\n<p>Acesso \u00e0 \u00e1gua<\/p>\n\n\n\n<p>A SOS Mata Atl\u00e2ntica incluiu no relat\u00f3rio o manifesto Desenvolvimento para Sempre, em que pede por \u00e1gua limpa para todos, destacando a necessidade de prote\u00e7\u00e3o e recupera\u00e7\u00e3o dos rios, c\u00f3rregos e nascentes; implanta\u00e7\u00e3o do Plano Municipal de Saneamento e de parques lineares para a conserva\u00e7\u00e3o de c\u00f3rregos urbanos; integra\u00e7\u00e3o dos munic\u00edpios ao Comit\u00ea de Bacias Hidrogr\u00e1ficas, com garantia efetiva de representa\u00e7\u00e3o dos setores da sociedade; e a cria\u00e7\u00e3o de \u00e1reas de prote\u00e7\u00e3o de mananciais e conserva\u00e7\u00e3o h\u00eddrica.<\/p>\n\n\n\n<p>\u201cA sazonalidade intensa decorrente dos eventos clim\u00e1ticos extremos refor\u00e7a a necessidade de aten\u00e7\u00e3o maior dos gestores p\u00fablicos e da sociedade para as a\u00e7\u00f5es voltadas \u00e0 seguran\u00e7a h\u00eddrica\u201c, disse Malu.<\/p>\n\n\n\n<p>Segundo ela, a melhora da qualidade da \u00e1gua e a prote\u00e7\u00e3o dos mananciais n\u00e3o dependem apenas dos necess\u00e1rios e urgentes investimentos em saneamento b\u00e1sico, mas tamb\u00e9m da gest\u00e3o integrada das pol\u00edticas p\u00fablicas de meio ambiente e recursos h\u00eddricos.<\/p>\n\n\n\n<p>A funda\u00e7\u00e3o avalia ainda que a exclus\u00e3o social do acesso \u00e0 \u00e1gua limpa devido \u00e0 falta de saneamento b\u00e1sico e moradia tamb\u00e9m emergiram de forma mais evidente com o efeito da pandemia e precisam ser motivo de aten\u00e7\u00e3o das autoridades.<\/p>\n\n\n\n<p>\u201cPesquisas cient\u00edficas constataram a presen\u00e7a do RNA (mol\u00e9cula respons\u00e1vel pela s\u00edntese de prote\u00ednas das c\u00e9lulas) de covid-19 na \u00e1gua dos esgotos dom\u00e9sticos. Isso n\u00e3o significa risco de contamina\u00e7\u00e3o, uma vez que essa doen\u00e7a n\u00e3o \u00e9 de veicula\u00e7\u00e3o h\u00eddrica, mas refor\u00e7a a import\u00e2ncia de reconhecer como os rios s\u00e3o espelhos da sa\u00fade das popula\u00e7\u00f5es, do ambiente e dos ecossistemas\u201d, informou a entidade.<\/p>\n\n\n\n<p>Camila Boehm \u2013 Rep\u00f3rter da Ag\u00eancia Brasil &#8211; S\u00e3o Paulo<\/p>\n\n\n\n<p>Edi\u00e7\u00e3o: Kleber Sampaio<\/p>\n","protected":false},"excerpt":{"rendered":"<p>T\u00e9cnicos sugerem requalifica\u00e7\u00e3o ambiental das bacias hidrogr\u00e1ficas O trecho morto do Tiet\u00ea, maior rio do<\/p>\n","protected":false},"author":2,"featured_media":918,"comment_status":"open","ping_status":"open","sticky":false,"template":"","format":"standard","meta":{"footnotes":""},"categories":[17],"tags":[],"class_list":["post-917","post","type-post","status-publish","format-standard","has-post-thumbnail","hentry","category-outras-noticias"],"_links":{"self":[{"href":"https:\/\/tvc16.com\/portal\/wp-json\/wp\/v2\/posts\/917","targetHints":{"allow":["GET"]}}],"collection":[{"href":"https:\/\/tvc16.com\/portal\/wp-json\/wp\/v2\/posts"}],"about":[{"href":"https:\/\/tvc16.com\/portal\/wp-json\/wp\/v2\/types\/post"}],"author":[{"embeddable":true,"href":"https:\/\/tvc16.com\/portal\/wp-json\/wp\/v2\/users\/2"}],"replies":[{"embeddable":true,"href":"https:\/\/tvc16.com\/portal\/wp-json\/wp\/v2\/comments?post=917"}],"version-history":[{"count":1,"href":"https:\/\/tvc16.com\/portal\/wp-json\/wp\/v2\/posts\/917\/revisions"}],"predecessor-version":[{"id":919,"href":"https:\/\/tvc16.com\/portal\/wp-json\/wp\/v2\/posts\/917\/revisions\/919"}],"wp:featuredmedia":[{"embeddable":true,"href":"https:\/\/tvc16.com\/portal\/wp-json\/wp\/v2\/media\/918"}],"wp:attachment":[{"href":"https:\/\/tvc16.com\/portal\/wp-json\/wp\/v2\/media?parent=917"}],"wp:term":[{"taxonomy":"category","embeddable":true,"href":"https:\/\/tvc16.com\/portal\/wp-json\/wp\/v2\/categories?post=917"},{"taxonomy":"post_tag","embeddable":true,"href":"https:\/\/tvc16.com\/portal\/wp-json\/wp\/v2\/tags?post=917"}],"curies":[{"name":"wp","href":"https:\/\/api.w.org\/{rel}","templated":true}]}}