{"id":9171,"date":"2021-01-03T17:06:27","date_gmt":"2021-01-03T20:06:27","guid":{"rendered":"https:\/\/tvc16.com\/portal\/?p=9171"},"modified":"2021-01-03T21:22:28","modified_gmt":"2021-01-04T00:22:28","slug":"devido-ao-tempo-ruim-em-petropolis-equipes-da-prefeitura-estao-mobilizadas-nos-atendimentos-das-ocorrencias","status":"publish","type":"post","link":"https:\/\/tvc16.com\/portal\/2021\/01\/03\/devido-ao-tempo-ruim-em-petropolis-equipes-da-prefeitura-estao-mobilizadas-nos-atendimentos-das-ocorrencias\/","title":{"rendered":"Devido ao tempo ruim em Petr\u00f3polis, Equipes da prefeitura est\u00e3o mobilizadas nos atendimentos das ocorr\u00eancias"},"content":{"rendered":"\n<p>Equipes da prefeitura trabalham desde as primeiras horas do dia no atendimento das ocorr\u00eancias ocasionadas pelas fortes chuvas de s\u00e1bado (02\/01) e madrugada de domingo (03). Participam da for\u00e7a tarefa as secretarias de Defesa Civil, Obras, Assist\u00eancia Social, Comdep e CPTrans. At\u00e9 o momento, foram liberadas as ruas 24 de Maio, no Centro, Pedro Ivo, no Morin, Pedro Nava, no Itamarati, e Minas Gerais, no Quitandinha, que foram atingidas por deslizamentos de terra.<\/p>\n\n\n\n<p><\/p>\n\n\n\n<figure class=\"wp-block-image size-large\"><img loading=\"lazy\" decoding=\"async\" width=\"476\" height=\"219\" src=\"https:\/\/tvc16.com\/portal\/wp-content\/uploads\/2021\/01\/FB_IMG_1609718144473.jpg\" alt=\"\" class=\"wp-image-9189\" srcset=\"https:\/\/tvc16.com\/portal\/wp-content\/uploads\/2021\/01\/FB_IMG_1609718144473.jpg 476w, https:\/\/tvc16.com\/portal\/wp-content\/uploads\/2021\/01\/FB_IMG_1609718144473-300x138.jpg 300w\" sizes=\"auto, (max-width: 476px) 100vw, 476px\" \/><figcaption>Desobstru\u00e7\u00e3o da Rua 24 de Maio<\/figcaption><\/figure>\n\n\n\n<p><\/p>\n\n\n\n<p>No Quarteir\u00e3o Ingelhein, a barreira ainda n\u00e3o foi retirada por conta da instabilidade do terreno. T\u00e9cnicos da Defesa Civil estudam qual o melhor tipo de interven\u00e7\u00e3o para o local. At\u00e9 o momento, duas resid\u00eancias foram interditadas no Atilio Marotti, uma na 24 de Maio, uma na Lopes Trov\u00e3o, e as duas na Rua Bol\u00edvia em Nogueira.<\/p>\n\n\n\n<figure class=\"wp-block-image size-large\"><img loading=\"lazy\" decoding=\"async\" width=\"1024\" height=\"576\" src=\"https:\/\/tvc16.com\/portal\/wp-content\/uploads\/2021\/01\/IMG-20210103-WA0055-1024x576.jpg\" alt=\"\" class=\"wp-image-9172\" srcset=\"https:\/\/tvc16.com\/portal\/wp-content\/uploads\/2021\/01\/IMG-20210103-WA0055-1024x576.jpg 1024w, https:\/\/tvc16.com\/portal\/wp-content\/uploads\/2021\/01\/IMG-20210103-WA0055-300x169.jpg 300w, https:\/\/tvc16.com\/portal\/wp-content\/uploads\/2021\/01\/IMG-20210103-WA0055-768x432.jpg 768w, https:\/\/tvc16.com\/portal\/wp-content\/uploads\/2021\/01\/IMG-20210103-WA0055.jpg 1280w\" sizes=\"auto, (max-width: 1024px) 100vw, 1024px\" \/><\/figure>\n\n\n\n<p>&#8220;As fortes chuvas eram uma preocupa\u00e7\u00e3o de todos os vereadores. Tanto \u00e9 que o primeiro nome anunciado para o secretariado foi o da Defesa Civil, que est\u00e1 com toda equipe de prontid\u00e3o para atender as ocorr\u00eancias. Al\u00e9m da Defesa Civil, colocamos toda a estrutura dispon\u00edvel da prefeitura para atender os chamados&#8221;, disse o prefeito interino Hingo Hammes.<\/p>\n\n\n\n<p>O secret\u00e1rio de Defesa Civil e A\u00e7\u00f5es Volunt\u00e1rias, tenente-coronel Gil Kempers, frisou a import\u00e2ncia de a popula\u00e7\u00e3o permanecer em alerta, j\u00e1 que Petr\u00f3polis registrou nas \u00faltimas 24 horas o maior volume de chuva do Estado do Rio, com acumulado de 200 mil\u00edmetros. \u201c\u00c9 preciso estar atento a qualquer sinal de instabilidade, independente da regi\u00e3o. Isso porque temos os alertas de risco de deslizamento generalizado, mas h\u00e1 tamb\u00e9m casos pontuais, que podem ocorrer em qualquer \u00e1rea e geralmente t\u00eam rela\u00e7\u00e3o com condi\u00e7\u00f5es de engenharia da edifica\u00e7\u00e3o\u201d, frisou.<\/p>\n\n\n\n<p>A Defesa Civil refor\u00e7a que \u00e9 necess\u00e1rio que a popula\u00e7\u00e3o fique em alerta para poss\u00edveis sinais em seus terrenos de instabilidade no solo. Como por exemplo, muros que cederam ou rachaduras nas casas que n\u00e3o tinham no dia anterior. Caso suas resid\u00eancias sejam em localidades de risco, os moradores devem ficar atentos e em caso de emerg\u00eancia se deslocar para locais seguros.<\/p>\n\n\n\n<p>Em caso de emerg\u00eancia, o telefone da Defesa Civil \u00e9 o 199 e 193 para acionar o Corpo de Bombeiros.<\/p>\n","protected":false},"excerpt":{"rendered":"<p>Equipes da prefeitura trabalham desde as primeiras horas do dia no atendimento das ocorr\u00eancias ocasionadas<\/p>\n","protected":false},"author":2,"featured_media":9173,"comment_status":"open","ping_status":"open","sticky":false,"template":"","format":"standard","meta":{"footnotes":""},"categories":[12],"tags":[],"class_list":["post-9171","post","type-post","status-publish","format-standard","has-post-thumbnail","hentry","category-cidade"],"_links":{"self":[{"href":"https:\/\/tvc16.com\/portal\/wp-json\/wp\/v2\/posts\/9171","targetHints":{"allow":["GET"]}}],"collection":[{"href":"https:\/\/tvc16.com\/portal\/wp-json\/wp\/v2\/posts"}],"about":[{"href":"https:\/\/tvc16.com\/portal\/wp-json\/wp\/v2\/types\/post"}],"author":[{"embeddable":true,"href":"https:\/\/tvc16.com\/portal\/wp-json\/wp\/v2\/users\/2"}],"replies":[{"embeddable":true,"href":"https:\/\/tvc16.com\/portal\/wp-json\/wp\/v2\/comments?post=9171"}],"version-history":[{"count":2,"href":"https:\/\/tvc16.com\/portal\/wp-json\/wp\/v2\/posts\/9171\/revisions"}],"predecessor-version":[{"id":9191,"href":"https:\/\/tvc16.com\/portal\/wp-json\/wp\/v2\/posts\/9171\/revisions\/9191"}],"wp:featuredmedia":[{"embeddable":true,"href":"https:\/\/tvc16.com\/portal\/wp-json\/wp\/v2\/media\/9173"}],"wp:attachment":[{"href":"https:\/\/tvc16.com\/portal\/wp-json\/wp\/v2\/media?parent=9171"}],"wp:term":[{"taxonomy":"category","embeddable":true,"href":"https:\/\/tvc16.com\/portal\/wp-json\/wp\/v2\/categories?post=9171"},{"taxonomy":"post_tag","embeddable":true,"href":"https:\/\/tvc16.com\/portal\/wp-json\/wp\/v2\/tags?post=9171"}],"curies":[{"name":"wp","href":"https:\/\/api.w.org\/{rel}","templated":true}]}}