{"id":9178,"date":"2021-01-03T20:50:08","date_gmt":"2021-01-03T23:50:08","guid":{"rendered":"https:\/\/tvc16.com\/portal\/?p=9178"},"modified":"2021-01-03T20:56:50","modified_gmt":"2021-01-03T23:56:50","slug":"em-petropolis-14-familias-atingidas-pelas-chuvas-receberam-apoio-da-assistencia-social","status":"publish","type":"post","link":"https:\/\/tvc16.com\/portal\/2021\/01\/03\/em-petropolis-14-familias-atingidas-pelas-chuvas-receberam-apoio-da-assistencia-social\/","title":{"rendered":"Em Petr\u00f3polis, 14 fam\u00edlias atingidas pelas chuvas, receberam apoio da Assist\u00eancia Social"},"content":{"rendered":"\n<p>A chuva deu uma tr\u00e9gua e em apenas alguns pontos do Munic\u00edpio, ainda persiste de forma fraca. A Secretaria de Assist\u00eancia Social atendeu at\u00e9 agora,&nbsp;segundo informa\u00e7\u00f5es da Assessoria de Comunica\u00e7\u00e3o da PMP, 42 pessoas. Todas foram para casas de familiares.<\/p>\n\n\n\n<p>As 14 fam\u00edlias atingidas pelas fortes chuvas do \u00faltimo s\u00e1bado, e tamb\u00e9m deste domingo, receberam assist\u00eancia da Secretaria.<\/p>\n\n\n\n<p>Veja os locais:<\/p>\n\n\n\n<p>Nogueira:<\/p>\n\n\n\n<p>Total de fam\u00edlias: 1<br>Total de pessoas: 7<br>Recurso emergencial: cesta b\u00e1sica que ser\u00e1 entregue amanh\u00e3<br>Seguir\u00e3o para a casa de parentes<\/p>\n\n\n\n<p>At\u00edlio Marotti:<br>Total de fam\u00edlias: 2<br>Total de pessoas: 10<br>Recurso emergencial: 1 cesta b\u00e1sica que ser\u00e1 entregue amanh\u00e3.<br>Seguir\u00e3o para a casa de parentes<\/p>\n\n\n\n<p>Lopes Trov\u00e3o:<\/p>\n\n\n\n<p>Total de fam\u00edlias: 9<br>Total de pessoas:15<br>Total de crian\u00e7as: 3<br>Recurso emergencial: 3 cestas b\u00e1sicas<br>2 colchonetes<br>Seguir\u00e3o para a casa de parentes<\/p>\n\n\n\n<p>Itaipava:<\/p>\n\n\n\n<p>Total de fam\u00edlias: 1<br>Total de pessoas: 4<br>Recurso emergencial: 1 cesta a ser fornecida amanh\u00e3.<br>Seguir\u00e3o para a casa de parentes<\/p>\n\n\n\n<p>Bairro da Gl\u00f3ria:<\/p>\n\n\n\n<p>Fam\u00edlias: 1<\/p>\n\n\n\n<p>S\u00e3o 14 fam\u00edlias desalojadas. Um total de 42 pessoas, sendo, destas, oito crian\u00e7as. Todas as fam\u00edlias foram para casas de parentes.<\/p>\n\n\n\n<p>Tr\u00e2nsito:<\/p>\n\n\n\n<p>Os principais pontos de obstru\u00e7\u00e3o por barreiras foram liberados. Apenas no Quarteir\u00e3o Ingelheim o terreno ainda est\u00e1 muito encharcado e inst\u00e1vel. Por isso, o trecho segue fechado.<br>Segundo o secret\u00e1rio da Defesa Civil,&nbsp; Tenente Cel Kempers, nesta localidade existe ainda a possibilidade de movimento de massa, portanto segue interditado.<br>No Bonfim ainda n\u00e3o \u00e9 poss\u00edvel o tr\u00e1fego de ve\u00edculos de grande porte. Uma \u00e1rvore caiu na via principal e derrubou um poste. A empresa de energia el\u00e9trica, Enel j\u00e1 desligou a energia e equipes trabalham para a libera\u00e7\u00e3o do trecho.<\/p>\n","protected":false},"excerpt":{"rendered":"<p>A chuva deu uma tr\u00e9gua e em apenas alguns pontos do Munic\u00edpio, ainda persiste de<\/p>\n","protected":false},"author":2,"featured_media":9180,"comment_status":"open","ping_status":"open","sticky":false,"template":"","format":"standard","meta":{"footnotes":""},"categories":[12],"tags":[],"class_list":["post-9178","post","type-post","status-publish","format-standard","has-post-thumbnail","hentry","category-cidade"],"_links":{"self":[{"href":"https:\/\/tvc16.com\/portal\/wp-json\/wp\/v2\/posts\/9178","targetHints":{"allow":["GET"]}}],"collection":[{"href":"https:\/\/tvc16.com\/portal\/wp-json\/wp\/v2\/posts"}],"about":[{"href":"https:\/\/tvc16.com\/portal\/wp-json\/wp\/v2\/types\/post"}],"author":[{"embeddable":true,"href":"https:\/\/tvc16.com\/portal\/wp-json\/wp\/v2\/users\/2"}],"replies":[{"embeddable":true,"href":"https:\/\/tvc16.com\/portal\/wp-json\/wp\/v2\/comments?post=9178"}],"version-history":[{"count":2,"href":"https:\/\/tvc16.com\/portal\/wp-json\/wp\/v2\/posts\/9178\/revisions"}],"predecessor-version":[{"id":9182,"href":"https:\/\/tvc16.com\/portal\/wp-json\/wp\/v2\/posts\/9178\/revisions\/9182"}],"wp:featuredmedia":[{"embeddable":true,"href":"https:\/\/tvc16.com\/portal\/wp-json\/wp\/v2\/media\/9180"}],"wp:attachment":[{"href":"https:\/\/tvc16.com\/portal\/wp-json\/wp\/v2\/media?parent=9178"}],"wp:term":[{"taxonomy":"category","embeddable":true,"href":"https:\/\/tvc16.com\/portal\/wp-json\/wp\/v2\/categories?post=9178"},{"taxonomy":"post_tag","embeddable":true,"href":"https:\/\/tvc16.com\/portal\/wp-json\/wp\/v2\/tags?post=9178"}],"curies":[{"name":"wp","href":"https:\/\/api.w.org\/{rel}","templated":true}]}}