{"id":9186,"date":"2021-01-03T21:17:59","date_gmt":"2021-01-04T00:17:59","guid":{"rendered":"https:\/\/tvc16.com\/portal\/?p=9186"},"modified":"2021-01-03T21:18:02","modified_gmt":"2021-01-04T00:18:02","slug":"governo-interino-reforca-que-cota-unica-do-iptu-2021-vence-nesta-terca-feira-05","status":"publish","type":"post","link":"https:\/\/tvc16.com\/portal\/2021\/01\/03\/governo-interino-reforca-que-cota-unica-do-iptu-2021-vence-nesta-terca-feira-05\/","title":{"rendered":"Governo interino refor\u00e7a que: cota \u00fanica do IPTU 2021 vence nesta ter\u00e7a-feira (05)"},"content":{"rendered":"\n<p><br>Os carn\u00eas tamb\u00e9m est\u00e3o dispon\u00edveis no site da prefeitura ou no Centro de Cultura Raul de Leoni\u00a0<br>Os contribuintes t\u00eam at\u00e9 a pr\u00f3xima ter\u00e7a-feira, dia 5, para pagar a cota \u00fanica do IPTU 2021 com desconto de 9%. Os carn\u00eas come\u00e7aram a ser distribu\u00eddos em dezembro pelos Correios e quem n\u00e3o recebeu pode ter acesso \u00e0 segunda via do IPTU 2021 no site da prefeitura (<a rel=\"noreferrer noopener\" target=\"_blank\" href=\"http:\/\/www.petropolis.rj.gov.br\/\">www.petropolis.rj.gov.br<\/a>) ou na central que ser\u00e1 montada no t\u00e9rreo do Centro de Cultura Raul de Leoni, a partir desta segunda-feira, dia 04, das 9h \u00e0s 17h.\u00a0<\/p>\n\n\n\n<p><br>\u201cO IPTU \u00e9 a principal fonte de receitas do munic\u00edpio e \u00e9 fundamental para o pagamento dos custos operacionais e investimentos em infraestrutura na cidade. Ent\u00e3o quem puder aproveitar o desconto e adiantar os pagamentos estar\u00e1 ajudando o munic\u00edpio\u201d, lembrou o prefeito interino Hingo Hammes.\u00a0<\/p>\n\n\n\n<p><\/p>\n\n\n\n<figure class=\"wp-block-image size-large\"><img loading=\"lazy\" decoding=\"async\" width=\"966\" height=\"599\" src=\"https:\/\/tvc16.com\/portal\/wp-content\/uploads\/2021\/01\/20210102_134936-1.jpg\" alt=\"\" class=\"wp-image-9187\" srcset=\"https:\/\/tvc16.com\/portal\/wp-content\/uploads\/2021\/01\/20210102_134936-1.jpg 966w, https:\/\/tvc16.com\/portal\/wp-content\/uploads\/2021\/01\/20210102_134936-1-300x186.jpg 300w, https:\/\/tvc16.com\/portal\/wp-content\/uploads\/2021\/01\/20210102_134936-1-768x476.jpg 768w\" sizes=\"auto, (max-width: 966px) 100vw, 966px\" \/><\/figure>\n\n\n\n<p><br>Os pagamentos em cota \u00fanica ter\u00e3o outros dois vencimentos: at\u00e9 o dia 05 de fevereiro, o desconto ser\u00e1 de 7% e para os que quitarem o at\u00e9 dia 05 de mar\u00e7o de 2021, a redu\u00e7\u00e3o ser\u00e1 de 5%.<br>Para os contribuintes que optarem pelo pagamento mensal, a primeira parcela do tributo vence no dia 20 de janeiro. A corre\u00e7\u00e3o do IPTU 2021 foi de 3,14%. Como foi feito nos anos anteriores, para facilitar o acesso dos contribuintes, a Secretaria de Fazenda disponibilizar\u00e1 a emiss\u00e3o do boleto pela internet. Para imprimir o boleto de pagamento, o interessado deve informar apenas o n\u00famero de inscri\u00e7\u00e3o do im\u00f3vel. O boleto dispon\u00edvel pela internet \u00e9 mais uma forma de facilitar a vida do contribuinte, que pode imprimir o boleto em casa, no seu trabalho, ou onde estiver, principalmente em tempos de pandemia.<br>As negocia\u00e7\u00f5es de d\u00edvidas ativas continuam a ser realizadas na Procuradoria Geral, que funciona na Avenida Koeler, 260, anexo B, segundo andar, de segunda a sexta-feira, das 12h30 \u00e0s 18h30.<\/p>\n","protected":false},"excerpt":{"rendered":"<p>Os carn\u00eas tamb\u00e9m est\u00e3o dispon\u00edveis no site da prefeitura ou no Centro de Cultura Raul<\/p>\n","protected":false},"author":2,"featured_media":8891,"comment_status":"open","ping_status":"open","sticky":false,"template":"","format":"standard","meta":{"footnotes":""},"categories":[12],"tags":[],"class_list":["post-9186","post","type-post","status-publish","format-standard","has-post-thumbnail","hentry","category-cidade"],"_links":{"self":[{"href":"https:\/\/tvc16.com\/portal\/wp-json\/wp\/v2\/posts\/9186","targetHints":{"allow":["GET"]}}],"collection":[{"href":"https:\/\/tvc16.com\/portal\/wp-json\/wp\/v2\/posts"}],"about":[{"href":"https:\/\/tvc16.com\/portal\/wp-json\/wp\/v2\/types\/post"}],"author":[{"embeddable":true,"href":"https:\/\/tvc16.com\/portal\/wp-json\/wp\/v2\/users\/2"}],"replies":[{"embeddable":true,"href":"https:\/\/tvc16.com\/portal\/wp-json\/wp\/v2\/comments?post=9186"}],"version-history":[{"count":1,"href":"https:\/\/tvc16.com\/portal\/wp-json\/wp\/v2\/posts\/9186\/revisions"}],"predecessor-version":[{"id":9188,"href":"https:\/\/tvc16.com\/portal\/wp-json\/wp\/v2\/posts\/9186\/revisions\/9188"}],"wp:featuredmedia":[{"embeddable":true,"href":"https:\/\/tvc16.com\/portal\/wp-json\/wp\/v2\/media\/8891"}],"wp:attachment":[{"href":"https:\/\/tvc16.com\/portal\/wp-json\/wp\/v2\/media?parent=9186"}],"wp:term":[{"taxonomy":"category","embeddable":true,"href":"https:\/\/tvc16.com\/portal\/wp-json\/wp\/v2\/categories?post=9186"},{"taxonomy":"post_tag","embeddable":true,"href":"https:\/\/tvc16.com\/portal\/wp-json\/wp\/v2\/tags?post=9186"}],"curies":[{"name":"wp","href":"https:\/\/api.w.org\/{rel}","templated":true}]}}