{"id":9198,"date":"2021-01-04T10:52:42","date_gmt":"2021-01-04T13:52:42","guid":{"rendered":"https:\/\/tvc16.com\/portal\/?p=9198"},"modified":"2021-01-04T10:52:44","modified_gmt":"2021-01-04T13:52:44","slug":"dia-mundial-do-braile-chama-atencao-para-inclusao-na-escrita-e-leitura","status":"publish","type":"post","link":"https:\/\/tvc16.com\/portal\/2021\/01\/04\/dia-mundial-do-braile-chama-atencao-para-inclusao-na-escrita-e-leitura\/","title":{"rendered":"Dia Mundial do Braile chama aten\u00e7\u00e3o para inclus\u00e3o na escrita e leitura"},"content":{"rendered":"\n<h3 class=\"wp-block-heading\">Defici\u00eancia visual \u00e9 4 vezes maior em pa\u00edses de rendas baixa e m\u00e9dia<\/h3>\n\n\n\n<p>O Dia Mundial do Braile \u00e9 comemorado&nbsp;hoje&nbsp;(4). A data foi institu\u00edda para chamar a aten\u00e7\u00e3o da sociedade sobre a import\u00e2ncia de assegurar formas de inclus\u00e3o de deficientes visuais tamb\u00e9m na escrita e no acesso a livros.&nbsp;<img decoding=\"async\" src=\"https:\/\/agenciabrasil.ebc.com.br\/ebc.png?id=1397854&amp;o=node\"><img decoding=\"async\" src=\"https:\/\/agenciabrasil.ebc.com.br\/ebc.gif?id=1397854&amp;o=node\"><\/p>\n\n\n\n<p>Os dados oficiais mais recentes sobre a presen\u00e7a de deficientes visuais no Brasil s\u00e3o do Censo de 2010. Segundo o levantamento, cerca de 24% da popula\u00e7\u00e3o tinham algum tipo de defici\u00eancia naquele momento, o que correspondia a 46 milh\u00f5es de brasileiros.&nbsp;&nbsp;<\/p>\n\n\n\n<p>A visual \u00e9 a modalidade mais comum. Se consideradas pessoas com qualquer tipo de dificuldade, o n\u00famero de cidad\u00e3os com algum grau de problema para enxergar chega a quase 20%.&nbsp;<\/p>\n\n\n\n<p>Se considerados aqueles que n\u00e3o conseguem ver de forma alguma ou que t\u00eam grande dificuldade, o \u00edndice cai para 3,4%, o equivalente a 6,5 milh\u00f5es de pessoas. Desse total, 582,6 mil&nbsp;s\u00e3o incapazes de enxergar.&nbsp;<\/p>\n\n\n\n<p>De acordo com o Relat\u00f3rio Mundial sobre Vis\u00e3o 2019, da Organiza\u00e7\u00e3o Mundial da Sa\u00fade (OMS), 2,2 bilh\u00f5es de pessoas t\u00eam algum tipo de defici\u00eancia visual, sendo 1 bilh\u00e3o com uma condi\u00e7\u00e3o que poderia ser prevenida ou tratada.<\/p>\n\n\n\n<p>Ainda conforme a OMS, a incid\u00eancia de defici\u00eancia visual \u00e9 quatro vezes maior em pa\u00edses de rendas baixa e m\u00e9dia do que nas na\u00e7\u00f5es mais ricas.&nbsp; &nbsp;<\/p>\n\n\n\n<p>O Sistema Braile \u00e9 uma alternativa para que pessoas enquadradas nessas situa\u00e7\u00f5es possam entrar em&nbsp;contato com a leitura. Assim, o m\u00e9todo contribui para a inclus\u00e3o em uma das principais formas de registro e aquisi\u00e7\u00e3o de conhecimento, a escrita.&nbsp;<\/p>\n\n\n\n<p>O Sistema Braile foi criado pelo franc\u00eas Louis Braille, em 1925. Cego ap\u00f3s um acidente na oficina do pai, adaptou m\u00e9todos utilizados por soldados franceses para comunica\u00e7\u00e3o noturna. A vers\u00e3o final foi apresentada por ele em 1837.&nbsp;<\/p>\n\n\n\n<p>O sistema \u00e9 baseado em pontos com relevo em pap\u00e9is, que s\u00e3o apreendidos por meio do contato com a ponta dos dedos. Por meio da combina\u00e7\u00e3o de seis pontos, \u00e9 poss\u00edvel fazer at\u00e9 63 caracteres diferentes.&nbsp;<\/p>\n\n\n\n<p>Segundo a Uni\u00e3o Mundial de Cegos, apenas 5% dos livros em todo o mundo s\u00e3o transcritos para o Braile. Em pa\u00edses mais pobres, esse percentual cai para 1%.<\/p>\n\n\n\n<p><em>*Com informa\u00e7\u00f5es de Mariana Tokarnia &#8211; Rep\u00f3rter da Ag\u00eancia Brasil no Rio de Janeiro<\/em><\/p>\n\n\n\n<p>Por Jonas Valente* &#8211; Rep\u00f3rter da Ag\u00eancia Brasil &#8211; Bras\u00edlia<\/p>\n\n\n\n<p>Edi\u00e7\u00e3o: Gra\u00e7a Adjuto<\/p>\n","protected":false},"excerpt":{"rendered":"<p>Defici\u00eancia visual \u00e9 4 vezes maior em pa\u00edses de rendas baixa e m\u00e9dia O Dia<\/p>\n","protected":false},"author":2,"featured_media":9199,"comment_status":"open","ping_status":"open","sticky":false,"template":"","format":"standard","meta":{"footnotes":""},"categories":[17],"tags":[],"class_list":["post-9198","post","type-post","status-publish","format-standard","has-post-thumbnail","hentry","category-outras-noticias"],"_links":{"self":[{"href":"https:\/\/tvc16.com\/portal\/wp-json\/wp\/v2\/posts\/9198","targetHints":{"allow":["GET"]}}],"collection":[{"href":"https:\/\/tvc16.com\/portal\/wp-json\/wp\/v2\/posts"}],"about":[{"href":"https:\/\/tvc16.com\/portal\/wp-json\/wp\/v2\/types\/post"}],"author":[{"embeddable":true,"href":"https:\/\/tvc16.com\/portal\/wp-json\/wp\/v2\/users\/2"}],"replies":[{"embeddable":true,"href":"https:\/\/tvc16.com\/portal\/wp-json\/wp\/v2\/comments?post=9198"}],"version-history":[{"count":1,"href":"https:\/\/tvc16.com\/portal\/wp-json\/wp\/v2\/posts\/9198\/revisions"}],"predecessor-version":[{"id":9200,"href":"https:\/\/tvc16.com\/portal\/wp-json\/wp\/v2\/posts\/9198\/revisions\/9200"}],"wp:featuredmedia":[{"embeddable":true,"href":"https:\/\/tvc16.com\/portal\/wp-json\/wp\/v2\/media\/9199"}],"wp:attachment":[{"href":"https:\/\/tvc16.com\/portal\/wp-json\/wp\/v2\/media?parent=9198"}],"wp:term":[{"taxonomy":"category","embeddable":true,"href":"https:\/\/tvc16.com\/portal\/wp-json\/wp\/v2\/categories?post=9198"},{"taxonomy":"post_tag","embeddable":true,"href":"https:\/\/tvc16.com\/portal\/wp-json\/wp\/v2\/tags?post=9198"}],"curies":[{"name":"wp","href":"https:\/\/api.w.org\/{rel}","templated":true}]}}