{"id":920,"date":"2020-09-22T13:49:09","date_gmt":"2020-09-22T13:49:09","guid":{"rendered":"https:\/\/tvc16.com\/portal\/?p=920"},"modified":"2020-09-22T13:49:09","modified_gmt":"2020-09-22T13:49:09","slug":"solsticio-do-som-alcanca-mais-de-5-mil-visualizacoes-durante-evento-on-line","status":"publish","type":"post","link":"https:\/\/tvc16.com\/portal\/2020\/09\/22\/solsticio-do-som-alcanca-mais-de-5-mil-visualizacoes-durante-evento-on-line\/","title":{"rendered":"Solst\u00edcio do Som alcan\u00e7a mais de 5 mil visualiza\u00e7\u00f5es durante evento on-line"},"content":{"rendered":"\n<p>Festival que valoriza a classe art\u00edstica contou com mais de 50 horas de shows entre os dias 15 e 19 de setembro<\/p>\n\n\n\n<p>O Festival de m\u00fasica, Solst\u00edcio do Som, atraiu mais de 5 mil visualiza\u00e7\u00f5es no canal do Youtube durante a extens\u00e3o da 20\u00aa edi\u00e7\u00e3o do evento que aconteceu entre os dias 15 e 19 de setembro. Ao todo, o Festival teve mais de 50 horas de shows e tamb\u00e9m contou com apresenta\u00e7\u00f5es da Confraria da Poesia Informal. Nesta semana j\u00e1 come\u00e7a a organiza\u00e7\u00e3o para a realiza\u00e7\u00e3o da 21\u00aa edi\u00e7\u00e3o que tem previs\u00e3o para ocorrer em dezembro durante o Solst\u00edcio de Ver\u00e3o.<\/p>\n\n\n\n<p>Para o organizador do evento, Jo\u00e3o Felipe Verleun, esta extens\u00e3o da edi\u00e7\u00e3o de inverno durante esse momento de pandemia significou um importante alento para a classe art\u00edstica petropolitana. \u201cMuitos m\u00fasicos est\u00e3o tolhidos de exercerem suas profiss\u00f5es, com a impossibilidade de aglomera\u00e7\u00e3o e sem contar a quest\u00e3o do contato com os companheiros de banda, ensaio e a pr\u00f3pria vibra\u00e7\u00e3o de colocar para fora suas cria\u00e7\u00f5es autorais\u201d, disse.<\/p>\n\n\n\n<figure class=\"wp-block-image size-large\"><img loading=\"lazy\" decoding=\"async\" width=\"1024\" height=\"682\" src=\"https:\/\/tvc16.com\/portal\/wp-content\/uploads\/2020\/09\/WhatsApp-Image-2020-09-22-at-10.31.40-1024x682.jpeg\" alt=\"\" class=\"wp-image-922\" srcset=\"https:\/\/tvc16.com\/portal\/wp-content\/uploads\/2020\/09\/WhatsApp-Image-2020-09-22-at-10.31.40-1024x682.jpeg 1024w, https:\/\/tvc16.com\/portal\/wp-content\/uploads\/2020\/09\/WhatsApp-Image-2020-09-22-at-10.31.40-300x200.jpeg 300w, https:\/\/tvc16.com\/portal\/wp-content\/uploads\/2020\/09\/WhatsApp-Image-2020-09-22-at-10.31.40-768x512.jpeg 768w, https:\/\/tvc16.com\/portal\/wp-content\/uploads\/2020\/09\/WhatsApp-Image-2020-09-22-at-10.31.40-900x600.jpeg 900w, https:\/\/tvc16.com\/portal\/wp-content\/uploads\/2020\/09\/WhatsApp-Image-2020-09-22-at-10.31.40.jpeg 1280w\" sizes=\"auto, (max-width: 1024px) 100vw, 1024px\" \/><\/figure>\n\n\n\n<p>Jo\u00e3o tamb\u00e9m comemora porque esta \u00e9 a primeira edi\u00e7\u00e3o em que o Solst\u00edcio do Som est\u00e1 conseguindo reunir esfor\u00e7os para pagar cach\u00ea aos m\u00fasicos, valorizando ainda mais a classe art\u00edstica da cidade e incentivando que surjam mais composi\u00e7\u00f5es originais. O evento teve apoio da empresa \u00c1guas do Imperador.<\/p>\n\n\n\n<p>\u201cNeste momento contamos muito ainda com a ajuda de todos atrav\u00e9s da nossa vaquinha on-line para ajudar a contemplar todos os envolvidos na produ\u00e7\u00e3o do evento\u201d. As doa\u00e7\u00f5es podem ser feitas pelo link https:\/\/vaka.me\/1364350. A meta \u00e9 arrecadar R$ 10 mil para arcar com todos os custos. At\u00e9 o momento foram arrecadados R$ 605.<\/p>\n\n\n\n<p>Parte das apresenta\u00e7\u00f5es do evento ocorreu na Escola de M\u00fasica Santa Cec\u00edlia respeitando todos os protocolos contra a covid-19 e sem p\u00fablico. O evento tamb\u00e9m contou com participa\u00e7\u00f5es de m\u00fasicos de Petr\u00f3polis ou que j\u00e1 viveram na cidade e est\u00e3o em outros munic\u00edpios, estados ou pa\u00edses.<\/p>\n\n\n\n<p>\u201cFoi uma enorme experi\u00eancia para toda a equipe fazer a transmiss\u00e3o ao vivo e pretendemos manter esse formato, paralelamente, mesmo quando houver edi\u00e7\u00f5es presenciais\u201d, afirmou.<\/p>\n\n\n\n<p>Todas as apresenta\u00e7\u00f5es da Extens\u00e3o da 20\u00aa edi\u00e7\u00e3o est\u00e3o dispon\u00edveis no canal do Youtube (https:\/\/cutt.ly\/RfLjrg1. Para continuar acompanhando as informa\u00e7\u00f5es sobre o Solst\u00edcio do Som curta a p\u00e1gina do Facebook (https:\/\/www.facebook.com\/SolsticiodoSom\/) e siga o perfil no Instagram (https:\/\/www.instagram.com\/solsticiodosom\/).<\/p>\n","protected":false},"excerpt":{"rendered":"<p>Festival que valoriza a classe art\u00edstica contou com mais de 50 horas de shows entre<\/p>\n","protected":false},"author":2,"featured_media":921,"comment_status":"open","ping_status":"open","sticky":false,"template":"","format":"standard","meta":{"footnotes":""},"categories":[12],"tags":[],"class_list":["post-920","post","type-post","status-publish","format-standard","has-post-thumbnail","hentry","category-cidade"],"_links":{"self":[{"href":"https:\/\/tvc16.com\/portal\/wp-json\/wp\/v2\/posts\/920","targetHints":{"allow":["GET"]}}],"collection":[{"href":"https:\/\/tvc16.com\/portal\/wp-json\/wp\/v2\/posts"}],"about":[{"href":"https:\/\/tvc16.com\/portal\/wp-json\/wp\/v2\/types\/post"}],"author":[{"embeddable":true,"href":"https:\/\/tvc16.com\/portal\/wp-json\/wp\/v2\/users\/2"}],"replies":[{"embeddable":true,"href":"https:\/\/tvc16.com\/portal\/wp-json\/wp\/v2\/comments?post=920"}],"version-history":[{"count":1,"href":"https:\/\/tvc16.com\/portal\/wp-json\/wp\/v2\/posts\/920\/revisions"}],"predecessor-version":[{"id":923,"href":"https:\/\/tvc16.com\/portal\/wp-json\/wp\/v2\/posts\/920\/revisions\/923"}],"wp:featuredmedia":[{"embeddable":true,"href":"https:\/\/tvc16.com\/portal\/wp-json\/wp\/v2\/media\/921"}],"wp:attachment":[{"href":"https:\/\/tvc16.com\/portal\/wp-json\/wp\/v2\/media?parent=920"}],"wp:term":[{"taxonomy":"category","embeddable":true,"href":"https:\/\/tvc16.com\/portal\/wp-json\/wp\/v2\/categories?post=920"},{"taxonomy":"post_tag","embeddable":true,"href":"https:\/\/tvc16.com\/portal\/wp-json\/wp\/v2\/tags?post=920"}],"curies":[{"name":"wp","href":"https:\/\/api.w.org\/{rel}","templated":true}]}}