{"id":9201,"date":"2021-01-04T10:55:26","date_gmt":"2021-01-04T13:55:26","guid":{"rendered":"https:\/\/tvc16.com\/portal\/?p=9201"},"modified":"2021-01-04T10:55:28","modified_gmt":"2021-01-04T13:55:28","slug":"covid-19-fiocruz-quer-contribuir-com-inicio-da-vacinacao-neste-mes","status":"publish","type":"post","link":"https:\/\/tvc16.com\/portal\/2021\/01\/04\/covid-19-fiocruz-quer-contribuir-com-inicio-da-vacinacao-neste-mes\/","title":{"rendered":"Covid-19: Fiocruz quer contribuir com in\u00edcio da vacina\u00e7\u00e3o neste m\u00eas"},"content":{"rendered":"\n<h3 class=\"wp-block-heading\">Funda\u00e7\u00e3o diz que far\u00e1 pedido de uso emergencial da vacina nesta semana<\/h3>\n\n\n\n<p>A Funda\u00e7\u00e3o Oswaldo Cruz (Fiocruz) informou, em nota, que quer contribuir com o in\u00edcio da vacina\u00e7\u00e3o contra covid-19 ainda neste m\u00eas. Para isso, \u00e9 necess\u00e1ria a realiza\u00e7\u00e3o do pedido para uso emergencial da vacina, o que deve ser feito nesta semana.<img decoding=\"async\" src=\"https:\/\/agenciabrasil.ebc.com.br\/ebc.png?id=1397844&amp;o=node\"><img decoding=\"async\" src=\"https:\/\/agenciabrasil.ebc.com.br\/ebc.gif?id=1397844&amp;o=node\"><\/p>\n\n\n\n<p>As primeiras vacinas ser\u00e3o importadas da \u00cdndia, um dos locais de produ\u00e7\u00e3o da AstraZeneca, laborat\u00f3rio que tem parceria com a Fiocruz no Brasil. Ser\u00e3o&nbsp;<a href=\"https:\/\/agenciabrasil.ebc.com.br\/saude\/noticia\/2021-01\/covid-19-anvisa-aprova-importacao-de-2-milhoes-de-doses-de-vacina\">2 milh\u00f5es de dose<\/a>s. As demais ser\u00e3o produzidas pela pr\u00f3pria funda\u00e7\u00e3o brasileira ap\u00f3s a chegada do Ingrediente Farmac\u00eautico Ativo (IFA), tamb\u00e9m prevista para janeiro.<\/p>\n\n\n\n<p>\u201cA estrat\u00e9gia \u00e9 contribuir com o in\u00edcio da vacina\u00e7\u00e3o, ainda em janeiro, com as doses importadas, de acordo com o Plano Nacional de Operacionaliza\u00e7\u00e3o da Vacina\u00e7\u00e3o contra a Covid-19, e, ao mesmo tempo, dar in\u00edcio \u00e0 produ\u00e7\u00e3o, conforme cronograma j\u00e1 amplamente divulgado\u201d, informou a Fiocruz. O pedido de registro definitivo da vacina est\u00e1 previsto para ocorrer em 15 de janeiro.<\/p>\n\n\n\n<p>De acordo com a funda\u00e7\u00e3o, em uma reuni\u00e3o ocorrida recentemente entre o Minist\u00e9rio da Sa\u00fade, a Fiocruz e a AstraZeneca, o laborat\u00f3rio mostrou a viabilidade de entregar ao governo brasileiro doses prontas da vacina para agilizar o processo de vacina\u00e7\u00e3o da popula\u00e7\u00e3o.<\/p>\n\n\n\n<p>Al\u00e9m disso, o registro da vacina em pa\u00edses como Argentina e \u00cdndia, al\u00e9m do Reino Unido, teria aberto caminho para o pedido de importa\u00e7\u00e3o das primeiras vacinas, j\u00e1 autorizado pela Ag\u00eancia Nacional de Vigil\u00e2ncia Sanit\u00e1ria (Anvisa)<\/p>\n\n\n\n<p>A Fiocruz entregar\u00e1 110,4 milh\u00f5es de doses at\u00e9 julho deste ano. A primeira entrega ocorrer\u00e1 na semana de 8 a 12 de fevereiro. \u201cCom a incorpora\u00e7\u00e3o da tecnologia conclu\u00edda, a Fiocruz ter\u00e1 a capacidade de produzir mais 110 milh\u00f5es ao longo do segundo semestre de 2021\u201d, acrescentou a funda\u00e7\u00e3o.<\/p>\n\n\n\n<h2 class=\"wp-block-heading\">Insumos<\/h2>\n\n\n\n<p>A Secretaria de Com\u00e9rcio Exterior publicou&nbsp;uma portaria proibindo a exporta\u00e7\u00e3o de seringas, mesmo com agulhas, de 3ml, e outras agulhas que possuam as seguintes dimens\u00f5es: 22G x 1\u201d, 23G x 1\u201d e 24G x \u00be ap\u00f3s o dia 1\u00ba de janeiro deste ano. A exporta\u00e7\u00e3o s\u00f3 poder\u00e1 ser feita mediante uma licen\u00e7a especial.<\/p>\n\n\n\n<p>Recentemente, o governo federal questionou empresas sobre o risco de desabastecimento de seringas. A Secretaria Nacional do Consumidor (Senacon) quer analisar se haver\u00e1 risco de desabastecimento e consequente falta de acesso aos produtos, bem como a possibilidade de reajuste nos pre\u00e7os pelo aumento na procura. O Minist\u00e9rio da Sa\u00fade informou em nota que realizou preg\u00e3o para compra de seringas e agulhas dentro do tr\u00e2mite legal. Ap\u00f3s a fase de recursos, a previs\u00e3o \u00e9 que os contratos sejam assinados ainda em janeiro.<\/p>\n\n\n\n<p>Por Marcelo Brand\u00e3o &#8211; Rep\u00f3rter da Ag\u00eancia Brasil &#8211; Bras\u00edlia<\/p>\n\n\n\n<p>Edi\u00e7\u00e3o: Kelly Oliveira<\/p>\n","protected":false},"excerpt":{"rendered":"<p>Funda\u00e7\u00e3o diz que far\u00e1 pedido de uso emergencial da vacina nesta semana A Funda\u00e7\u00e3o Oswaldo<\/p>\n","protected":false},"author":2,"featured_media":9202,"comment_status":"open","ping_status":"open","sticky":false,"template":"","format":"standard","meta":{"footnotes":""},"categories":[17],"tags":[],"class_list":["post-9201","post","type-post","status-publish","format-standard","has-post-thumbnail","hentry","category-outras-noticias"],"_links":{"self":[{"href":"https:\/\/tvc16.com\/portal\/wp-json\/wp\/v2\/posts\/9201","targetHints":{"allow":["GET"]}}],"collection":[{"href":"https:\/\/tvc16.com\/portal\/wp-json\/wp\/v2\/posts"}],"about":[{"href":"https:\/\/tvc16.com\/portal\/wp-json\/wp\/v2\/types\/post"}],"author":[{"embeddable":true,"href":"https:\/\/tvc16.com\/portal\/wp-json\/wp\/v2\/users\/2"}],"replies":[{"embeddable":true,"href":"https:\/\/tvc16.com\/portal\/wp-json\/wp\/v2\/comments?post=9201"}],"version-history":[{"count":1,"href":"https:\/\/tvc16.com\/portal\/wp-json\/wp\/v2\/posts\/9201\/revisions"}],"predecessor-version":[{"id":9203,"href":"https:\/\/tvc16.com\/portal\/wp-json\/wp\/v2\/posts\/9201\/revisions\/9203"}],"wp:featuredmedia":[{"embeddable":true,"href":"https:\/\/tvc16.com\/portal\/wp-json\/wp\/v2\/media\/9202"}],"wp:attachment":[{"href":"https:\/\/tvc16.com\/portal\/wp-json\/wp\/v2\/media?parent=9201"}],"wp:term":[{"taxonomy":"category","embeddable":true,"href":"https:\/\/tvc16.com\/portal\/wp-json\/wp\/v2\/categories?post=9201"},{"taxonomy":"post_tag","embeddable":true,"href":"https:\/\/tvc16.com\/portal\/wp-json\/wp\/v2\/tags?post=9201"}],"curies":[{"name":"wp","href":"https:\/\/api.w.org\/{rel}","templated":true}]}}