{"id":9204,"date":"2021-01-04T10:59:03","date_gmt":"2021-01-04T13:59:03","guid":{"rendered":"https:\/\/tvc16.com\/portal\/?p=9204"},"modified":"2021-01-04T10:59:06","modified_gmt":"2021-01-04T13:59:06","slug":"fies-prorroga-prazo-de-renegociacao-de-financiamento-ate-31-de-janeiro","status":"publish","type":"post","link":"https:\/\/tvc16.com\/portal\/2021\/01\/04\/fies-prorroga-prazo-de-renegociacao-de-financiamento-ate-31-de-janeiro\/","title":{"rendered":"Fies prorroga prazo de renegocia\u00e7\u00e3o de financiamento at\u00e9 31 de janeiro"},"content":{"rendered":"\n<h3 class=\"wp-block-heading\">O prazo anterior era at\u00e9 a \u00faltima quinta-feira<\/h3>\n\n\n\n<p>O prazo para renegocia\u00e7\u00e3o do Fundo de Financiamento Estudantil (Fies) foi prorrogado at\u00e9 o dia 31 de janeiro. A decis\u00e3o foi do Comit\u00ea Gestor do Fies, que editou resolu\u00e7\u00e3o publicada no publicada no&nbsp;<a href=\"https:\/\/www.in.gov.br\/en\/web\/dou\/-\/resolucao-n-43-de-29-de-dezembro-de-2020-296885598\" target=\"_blank\" rel=\"noreferrer noopener\"><em>Di\u00e1rio Oficial da Uni\u00e3o<\/em><\/a>. A medida permite que mais estudantes tenham a oportunidade de renegociar suas d\u00edvidas. O prazo anterior era at\u00e9 a \u00faltima quinta-feira (31).<img decoding=\"async\" src=\"https:\/\/agenciabrasil.ebc.com.br\/ebc.png?id=1397794&amp;o=node\"><img decoding=\"async\" src=\"https:\/\/agenciabrasil.ebc.com.br\/ebc.gif?id=1397794&amp;o=node\"><\/p>\n\n\n\n<p>\u201cUm dos benef\u00edcios imediatos, a partir da ades\u00e3o ao programa, \u00e9 a retirada da inscri\u00e7\u00e3o dos nomes do financiado e de seus fiadores dos cadastros de devedores inadimplentes, sendo alterado o cronograma de vencimento das parcelas de amortiza\u00e7\u00e3o\u201d, disse o secret\u00e1rio de Educa\u00e7\u00e3o Superior do Minist\u00e9rio da Educa\u00e7\u00e3o (MEC), Wagner Vilas Boas de Souza.<\/p>\n\n\n\n<p>Podem participar da renegocia\u00e7\u00e3o estudantes que tenham contratos firmados at\u00e9 o segundo semestre de 2017, com d\u00e9bitos vencidos e n\u00e3o pagos at\u00e9 10 de julho de 2020, data em que foi publicada a&nbsp;<a href=\"https:\/\/www.in.gov.br\/en\/web\/dou\/-\/lei-n-14.024-de-9-de-julho-de-2020-266124102\" target=\"_blank\" rel=\"noreferrer noopener\">Lei n\u00ba 14.024\/2020<\/a>, que criou o programa de regulariza\u00e7\u00e3o. Para obter o benef\u00edcio, os contratos tamb\u00e9m n\u00e3o podem ser objeto de a\u00e7\u00e3o judicial.<\/p>\n\n\n\n<p>Os estudantes que se enquadrarem nessa situa\u00e7\u00e3o poder\u00e3o renegociar a d\u00edvida, com desconto nos encargos morat\u00f3rios, nas op\u00e7\u00f5es de liquida\u00e7\u00e3o: quatro parcelas semestrais, at\u00e9 31 de dezembro de 2022, ou 24 parcelas mensais, com redu\u00e7\u00e3o de 60% dos encargos e pagamento a partir de 31 de mar\u00e7o de 2021.<\/p>\n\n\n\n<p>Os parcelamentos feitos em 145 ou 175 parcelas mensais ter\u00e3o redu\u00e7\u00e3o de 40% e 25%, respectivamente, e os pagamentos come\u00e7am a partir de janeiro de 2021, mantendo-se a data de anivers\u00e1rio do contrato. Caso a solicita\u00e7\u00e3o seja feita ap\u00f3s a data de anivers\u00e1rio, o primeiro pagamento ser\u00e1 em fevereiro. A parcela m\u00ednima mensal \u00e9 de R$ 200.<\/p>\n\n\n\n<p>A op\u00e7\u00e3o de pagamento da liquida\u00e7\u00e3o em parcela \u00fanica (saldo integral ou d\u00e9bito vencido), com redu\u00e7\u00e3o de 100% dos encargos morat\u00f3rios, n\u00e3o foi prorrogada.<\/p>\n\n\n\n<p>Os estudantes interessados dever\u00e3o solicitar a renegocia\u00e7\u00e3o no Banco do Brasil (BB) ou na Caixa, dentro do prazo estipulado, por meio dos canais de atendimento disponibilizados pelo agente financeiro. Com a renegocia\u00e7\u00e3o, o estudante e seu fiador voltam \u00e0 condi\u00e7\u00e3o de adimpl\u00eancia junto ao Fies e os bancos far\u00e3o a baixa da restri\u00e7\u00e3o junto aos \u00f3rg\u00e3os de prote\u00e7\u00e3o ao cr\u00e9dito.<\/p>\n\n\n\n<h2 class=\"wp-block-heading\">Agentes financeiros<\/h2>\n\n\n\n<p>Na Caixa, a renegocia\u00e7\u00e3o pode ser solicitada pelo estudante pelo portal&nbsp;<a href=\"http:\/\/sifesweb.caixa.gov.br\/\" target=\"_blank\" rel=\"noreferrer noopener\">SIFES-Web<\/a><a href=\"http:\/\/sifesweb.caixa.gov.br\/\">r<\/a>. No BB, os estudantes podem realizar a opera\u00e7\u00e3o via mobile ou nas ag\u00eancias. Para aderir \u00e0 renegocia\u00e7\u00e3o pelo APP do BB, basta acessar a op\u00e7\u00e3o Solu\u00e7\u00f5es de D\u00edvidas, Renegocia\u00e7\u00e3o Fies, An\u00e1lise, Simular as condi\u00e7\u00f5es de parcelamento, e Assinar eletronicamente o termo. A solu\u00e7\u00e3o est\u00e1 dispon\u00edvel para opera\u00e7\u00f5es sem fiadores.<\/p>\n\n\n\n<p>Caso a opera\u00e7\u00e3o seja garantida por fian\u00e7a convencional ou solid\u00e1ria, existe a obrigatoriedade do comparecimento \u00e0 ag\u00eancia para assinatura dos fiadores. Os clientes podem obter mais informa\u00e7\u00f5es pelo App BB, portal www.bb.com.br, whatsApp (61-4004-0001) ou Central de Atendimento BB (0800-729-0001).<\/p>\n\n\n\n<p>Por Ag\u00eancia Brasil &#8211; Bras\u00edlia<\/p>\n\n\n\n<p>Edi\u00e7\u00e3o: A\u00e9cio Amado<\/p>\n","protected":false},"excerpt":{"rendered":"<p>O prazo anterior era at\u00e9 a \u00faltima quinta-feira O prazo para renegocia\u00e7\u00e3o do Fundo de<\/p>\n","protected":false},"author":2,"featured_media":9205,"comment_status":"open","ping_status":"open","sticky":false,"template":"","format":"standard","meta":{"footnotes":""},"categories":[17],"tags":[],"class_list":["post-9204","post","type-post","status-publish","format-standard","has-post-thumbnail","hentry","category-outras-noticias"],"_links":{"self":[{"href":"https:\/\/tvc16.com\/portal\/wp-json\/wp\/v2\/posts\/9204","targetHints":{"allow":["GET"]}}],"collection":[{"href":"https:\/\/tvc16.com\/portal\/wp-json\/wp\/v2\/posts"}],"about":[{"href":"https:\/\/tvc16.com\/portal\/wp-json\/wp\/v2\/types\/post"}],"author":[{"embeddable":true,"href":"https:\/\/tvc16.com\/portal\/wp-json\/wp\/v2\/users\/2"}],"replies":[{"embeddable":true,"href":"https:\/\/tvc16.com\/portal\/wp-json\/wp\/v2\/comments?post=9204"}],"version-history":[{"count":1,"href":"https:\/\/tvc16.com\/portal\/wp-json\/wp\/v2\/posts\/9204\/revisions"}],"predecessor-version":[{"id":9206,"href":"https:\/\/tvc16.com\/portal\/wp-json\/wp\/v2\/posts\/9204\/revisions\/9206"}],"wp:featuredmedia":[{"embeddable":true,"href":"https:\/\/tvc16.com\/portal\/wp-json\/wp\/v2\/media\/9205"}],"wp:attachment":[{"href":"https:\/\/tvc16.com\/portal\/wp-json\/wp\/v2\/media?parent=9204"}],"wp:term":[{"taxonomy":"category","embeddable":true,"href":"https:\/\/tvc16.com\/portal\/wp-json\/wp\/v2\/categories?post=9204"},{"taxonomy":"post_tag","embeddable":true,"href":"https:\/\/tvc16.com\/portal\/wp-json\/wp\/v2\/tags?post=9204"}],"curies":[{"name":"wp","href":"https:\/\/api.w.org\/{rel}","templated":true}]}}