{"id":9207,"date":"2021-01-04T11:02:25","date_gmt":"2021-01-04T14:02:25","guid":{"rendered":"https:\/\/tvc16.com\/portal\/?p=9207"},"modified":"2021-01-04T11:02:27","modified_gmt":"2021-01-04T14:02:27","slug":"governo-preve-adesao-de-54-escolas-ao-modelo-civico-militar-em-2021","status":"publish","type":"post","link":"https:\/\/tvc16.com\/portal\/2021\/01\/04\/governo-preve-adesao-de-54-escolas-ao-modelo-civico-militar-em-2021\/","title":{"rendered":"Governo prev\u00ea ades\u00e3o de 54 escolas ao modelo c\u00edvico-militar em 2021"},"content":{"rendered":"\n<h3 class=\"wp-block-heading\">Lista com locais selecionados ser\u00e1 divulgada no dia 25 de janeiro<\/h3>\n\n\n\n<p>De acordo com a portaria do Minist\u00e9rio da Educa\u00e7\u00e3o, publicada na \u00faltima segunda-feira (28) no Di\u00e1rio Oficial, em 2021, mais 54 escolas c\u00edvico-militares ser\u00e3o instaladas no pa\u00eds. Ser\u00e3o duas em cada um dos estados e no Distrito Federal.<img decoding=\"async\" src=\"https:\/\/agenciabrasil.ebc.com.br\/ebc.png?id=1397464&amp;o=node\"><img decoding=\"async\" src=\"https:\/\/agenciabrasil.ebc.com.br\/ebc.gif?id=1397464&amp;o=node\"><\/p>\n\n\n\n<p>Lembrando que a ades\u00e3o \u00e9 volunt\u00e1ria e a lista com os locais selecionados ser\u00e1 divulgada no dia 25 de janeiro.<\/p>\n\n\n\n<p>Para participar do programa, as escolas devem ter entre 501 a mil matr\u00edculas nos anos finais do Ensino Fundamental e M\u00e9dio; atender aos turnos matutino e\/ou vespertino; ter alunos em situa\u00e7\u00e3o de vulnerabilidade social; desempenho abaixo da m\u00e9dia estadual no Ideb, o \u00cdndice de Desenvolvimento da Educa\u00e7\u00e3o B\u00e1sica; e contar com a aprova\u00e7\u00e3o da comunidade escolar, por meio de consulta p\u00fablica presencial ou eletr\u00f4nica.<\/p>\n\n\n\n<p>Quando anunciado, em 2019, o programa previa 200 escolas neste modelo at\u00e9 2023.<\/p>\n\n\n\n<p>Neste ano, mais de 50 escolas aderiram ao piloto do programa.<\/p>\n\n\n\n<p>O modelo c\u00edvico-militar \u00e9 diferente do modelo das escolas militares mantidas pelas For\u00e7as Armadas. De acordo com o MEC, as Secretarias estaduais de Educa\u00e7\u00e3o continuariam respons\u00e1veis pelos curr\u00edculos escolares e caberia aos militares a atua\u00e7\u00e3o como monitores na gest\u00e3o educacional.<\/p>\n\n\n\n<p>Por Paula de Castro &#8211; Rep\u00f3rter da Radioag\u00eancia Nacional &#8211; Bras\u00edlia<\/p>\n\n\n\n<p>Edi\u00e7\u00e3o: Pedro Ivo de Oliveira<\/p>\n","protected":false},"excerpt":{"rendered":"<p>Lista com locais selecionados ser\u00e1 divulgada no dia 25 de janeiro De acordo com a<\/p>\n","protected":false},"author":2,"featured_media":9208,"comment_status":"open","ping_status":"open","sticky":false,"template":"","format":"standard","meta":{"footnotes":""},"categories":[17],"tags":[],"class_list":["post-9207","post","type-post","status-publish","format-standard","has-post-thumbnail","hentry","category-outras-noticias"],"_links":{"self":[{"href":"https:\/\/tvc16.com\/portal\/wp-json\/wp\/v2\/posts\/9207","targetHints":{"allow":["GET"]}}],"collection":[{"href":"https:\/\/tvc16.com\/portal\/wp-json\/wp\/v2\/posts"}],"about":[{"href":"https:\/\/tvc16.com\/portal\/wp-json\/wp\/v2\/types\/post"}],"author":[{"embeddable":true,"href":"https:\/\/tvc16.com\/portal\/wp-json\/wp\/v2\/users\/2"}],"replies":[{"embeddable":true,"href":"https:\/\/tvc16.com\/portal\/wp-json\/wp\/v2\/comments?post=9207"}],"version-history":[{"count":1,"href":"https:\/\/tvc16.com\/portal\/wp-json\/wp\/v2\/posts\/9207\/revisions"}],"predecessor-version":[{"id":9209,"href":"https:\/\/tvc16.com\/portal\/wp-json\/wp\/v2\/posts\/9207\/revisions\/9209"}],"wp:featuredmedia":[{"embeddable":true,"href":"https:\/\/tvc16.com\/portal\/wp-json\/wp\/v2\/media\/9208"}],"wp:attachment":[{"href":"https:\/\/tvc16.com\/portal\/wp-json\/wp\/v2\/media?parent=9207"}],"wp:term":[{"taxonomy":"category","embeddable":true,"href":"https:\/\/tvc16.com\/portal\/wp-json\/wp\/v2\/categories?post=9207"},{"taxonomy":"post_tag","embeddable":true,"href":"https:\/\/tvc16.com\/portal\/wp-json\/wp\/v2\/tags?post=9207"}],"curies":[{"name":"wp","href":"https:\/\/api.w.org\/{rel}","templated":true}]}}