{"id":9210,"date":"2021-01-04T11:08:57","date_gmt":"2021-01-04T14:08:57","guid":{"rendered":"https:\/\/tvc16.com\/portal\/?p=9210"},"modified":"2021-01-04T11:08:59","modified_gmt":"2021-01-04T14:08:59","slug":"nova-iguacu-inicia-segunda-fase-da-pre-matricula-escolar-o-processo-sera-realizado-exclusivamente-via-internet","status":"publish","type":"post","link":"https:\/\/tvc16.com\/portal\/2021\/01\/04\/nova-iguacu-inicia-segunda-fase-da-pre-matricula-escolar-o-processo-sera-realizado-exclusivamente-via-internet\/","title":{"rendered":"Nova Igua\u00e7u inicia segunda fase da pr\u00e9-matr\u00edcula escolar. O processo ser\u00e1 realizado exclusivamente via internet"},"content":{"rendered":"\n<p><\/p>\n\n\n\n<p>A Secretaria Municipal de Educa\u00e7\u00e3o de Nova Igua\u00e7u iniciou nesta segunda-feira (4) a segunda fase da pr\u00e9-matr\u00edcula nas escolas da rede. Esta \u00e9 mais uma oportunidade para quem perdeu o prazo anterior, que aconteceu entre 7 e 14 de dezembro. O processo ser\u00e1 realizado exclusivamente via internet.<\/p>\n\n\n\n<p>Alunos ou respons\u00e1veis dos menores de 18 anos da Educa\u00e7\u00e3o Especial, da Educa\u00e7\u00e3o Infantil, do Ensino Fundamental e da Educa\u00e7\u00e3o de Jovens e Adultos (EJA) dever\u00e3o efetuar a pr\u00e9-matr\u00edcula acessando o site&nbsp;<a rel=\"noreferrer noopener\" target=\"_blank\" href=\"http:\/\/www.matricula.novaiguacu.rj.gov.br\/\">www.matricula.novaiguacu.rj.gov.br<\/a>&nbsp;at\u00e9 o dia 8 de janeiro. S\u00f3 ser\u00e1 permitido optar por unidades escolares que ainda tenham disponibilidade de vagas.<\/p>\n\n\n\n<p>A rela\u00e7\u00e3o dos estudantes contemplados ser\u00e1 divulgada no dia 13, tamb\u00e9m pela internet. Ap\u00f3s isto, o respons\u00e1vel dever\u00e1 ir \u00e0 unidade escolar, mediante agendamento, levando termo de compromisso, que ser\u00e1 emitido durante o processo, al\u00e9m de dois retratos 3\u00d74, original e c\u00f3pia da Certid\u00e3o de Registro Civil de Nascimento, de Casamento ou Identidade do aluno, original e c\u00f3pia da Identidade e do CPF do respons\u00e1vel, hist\u00f3rico escolar original ou declara\u00e7\u00e3o de escolaridade, comprovante de resid\u00eancia atualizado, caderneta de vacina\u00e7\u00e3o do aluno menor de 7 anos, cart\u00e3o do SUS e fator RH.<\/p>\n\n\n\n<p>Vale lembrar que este ano, em fun\u00e7\u00e3o da pandemia da Covid-19, a rematr\u00edcula dos alunos que j\u00e1 fazem parte da rede municipal \u00e9 autom\u00e1tica. O processo \u00e9 necess\u00e1rio para alunos que desejam trocar de escola ou que venham da rede particular. Outra medida adotada devido \u00e0 pandemia, que culminou com o fechamento das escolas municipais ao longo de praticamente todo o ano letivo de 2020 e a readequa\u00e7\u00e3o da transmiss\u00e3o do conte\u00fado que seria dado em sala de aula foi o Regime de Progress\u00e3o Continuada. Com isso, os alunos ser\u00e3o matriculados no ano de escolaridade seguinte ao cursado no ano passado.<\/p>\n\n\n\n<p>A Progress\u00e3o Continuada trata da recupera\u00e7\u00e3o de conte\u00fados, uma vez que o planejamento previsto para o ano letivo anterior n\u00e3o se perde, mas se integra ao planejamento do ano seguinte. Ainda no primeiro bimestre deste ano ser\u00e1 realizada uma avalia\u00e7\u00e3o diagn\u00f3stica, na qual os docentes poder\u00e3o observar o desenvolvimento dos alunos, para que o planejamento possa atender a realidade de cada turma. O regime segue a Lei de Diretrizes e Bases da Educa\u00e7\u00e3o Nacional, lei n\u00ba 9.394\/96.<\/p>\n","protected":false},"excerpt":{"rendered":"<p>A Secretaria Municipal de Educa\u00e7\u00e3o de Nova Igua\u00e7u iniciou nesta segunda-feira (4) a segunda fase<\/p>\n","protected":false},"author":2,"featured_media":9211,"comment_status":"open","ping_status":"open","sticky":false,"template":"","format":"standard","meta":{"footnotes":""},"categories":[17],"tags":[],"class_list":["post-9210","post","type-post","status-publish","format-standard","has-post-thumbnail","hentry","category-outras-noticias"],"_links":{"self":[{"href":"https:\/\/tvc16.com\/portal\/wp-json\/wp\/v2\/posts\/9210","targetHints":{"allow":["GET"]}}],"collection":[{"href":"https:\/\/tvc16.com\/portal\/wp-json\/wp\/v2\/posts"}],"about":[{"href":"https:\/\/tvc16.com\/portal\/wp-json\/wp\/v2\/types\/post"}],"author":[{"embeddable":true,"href":"https:\/\/tvc16.com\/portal\/wp-json\/wp\/v2\/users\/2"}],"replies":[{"embeddable":true,"href":"https:\/\/tvc16.com\/portal\/wp-json\/wp\/v2\/comments?post=9210"}],"version-history":[{"count":1,"href":"https:\/\/tvc16.com\/portal\/wp-json\/wp\/v2\/posts\/9210\/revisions"}],"predecessor-version":[{"id":9212,"href":"https:\/\/tvc16.com\/portal\/wp-json\/wp\/v2\/posts\/9210\/revisions\/9212"}],"wp:featuredmedia":[{"embeddable":true,"href":"https:\/\/tvc16.com\/portal\/wp-json\/wp\/v2\/media\/9211"}],"wp:attachment":[{"href":"https:\/\/tvc16.com\/portal\/wp-json\/wp\/v2\/media?parent=9210"}],"wp:term":[{"taxonomy":"category","embeddable":true,"href":"https:\/\/tvc16.com\/portal\/wp-json\/wp\/v2\/categories?post=9210"},{"taxonomy":"post_tag","embeddable":true,"href":"https:\/\/tvc16.com\/portal\/wp-json\/wp\/v2\/tags?post=9210"}],"curies":[{"name":"wp","href":"https:\/\/api.w.org\/{rel}","templated":true}]}}