{"id":9216,"date":"2021-01-04T21:35:38","date_gmt":"2021-01-05T00:35:38","guid":{"rendered":"https:\/\/tvc16.com\/portal\/?p=9216"},"modified":"2021-01-04T22:25:46","modified_gmt":"2021-01-05T01:25:46","slug":"maurinho-branco-dem-suplente-de-hingo-hammes-assume-vaga-na-camara-ate-que-o-vereador-retome-o-posto","status":"publish","type":"post","link":"https:\/\/tvc16.com\/portal\/2021\/01\/04\/maurinho-branco-dem-suplente-de-hingo-hammes-assume-vaga-na-camara-ate-que-o-vereador-retome-o-posto\/","title":{"rendered":"Maurinho Branco, (Dem) suplente de Hingo Hammes, assume vaga na C\u00e2mara, at\u00e9 que o vereador retome o posto"},"content":{"rendered":"\n<p>A C\u00e2mara Municipal de Petr\u00f3polis vai convocar o primeiro suplente do Democratas (DEM), Maurinho Branco, para ocupar a vaga do partido na Casa Legislativa. O vereador Hingo Hammes, titular da vaga, foi eleito presidente da Mesa Diretora na \u00faltima sexta-feira, e consequentemente assumiu interinamente a chefia do Poder Executivo no munic\u00edpio. Maurinho foi o segundo mais votado do DEM, com 1.944 votos, ficando na primeira supl\u00eancia.<\/p>\n\n\n\n<p>De acordo com o Regimento Interno da C\u00e2mara, no art. 12, II, o suplente deve ser convocado quando o titular do mandato \u00e9 investido em outro cargo na administra\u00e7\u00e3o p\u00fablica direta ou indireta do munic\u00edpio, em hip\u00f3tese prevista na Lei Org\u00e2nica Municipal.<\/p>\n\n\n\n<p>A decis\u00e3o foi tomada em reuni\u00e3o da Mesa Diretora na tarde desta segunda (04\/01), ap\u00f3s consulta ao Departamento Jur\u00eddico do Poder Legislativo, em virtude de um requerimento protocolado pelo pr\u00f3prio vereador Maurinho Branco nesta mesma data, requerendo a sua convoca\u00e7\u00e3o.<\/p>\n","protected":false},"excerpt":{"rendered":"<p>A C\u00e2mara Municipal de Petr\u00f3polis vai convocar o primeiro suplente do Democratas (DEM), Maurinho Branco,<\/p>\n","protected":false},"author":2,"featured_media":9226,"comment_status":"open","ping_status":"open","sticky":false,"template":"","format":"standard","meta":{"footnotes":""},"categories":[12],"tags":[],"class_list":["post-9216","post","type-post","status-publish","format-standard","has-post-thumbnail","hentry","category-cidade"],"_links":{"self":[{"href":"https:\/\/tvc16.com\/portal\/wp-json\/wp\/v2\/posts\/9216","targetHints":{"allow":["GET"]}}],"collection":[{"href":"https:\/\/tvc16.com\/portal\/wp-json\/wp\/v2\/posts"}],"about":[{"href":"https:\/\/tvc16.com\/portal\/wp-json\/wp\/v2\/types\/post"}],"author":[{"embeddable":true,"href":"https:\/\/tvc16.com\/portal\/wp-json\/wp\/v2\/users\/2"}],"replies":[{"embeddable":true,"href":"https:\/\/tvc16.com\/portal\/wp-json\/wp\/v2\/comments?post=9216"}],"version-history":[{"count":1,"href":"https:\/\/tvc16.com\/portal\/wp-json\/wp\/v2\/posts\/9216\/revisions"}],"predecessor-version":[{"id":9218,"href":"https:\/\/tvc16.com\/portal\/wp-json\/wp\/v2\/posts\/9216\/revisions\/9218"}],"wp:featuredmedia":[{"embeddable":true,"href":"https:\/\/tvc16.com\/portal\/wp-json\/wp\/v2\/media\/9226"}],"wp:attachment":[{"href":"https:\/\/tvc16.com\/portal\/wp-json\/wp\/v2\/media?parent=9216"}],"wp:term":[{"taxonomy":"category","embeddable":true,"href":"https:\/\/tvc16.com\/portal\/wp-json\/wp\/v2\/categories?post=9216"},{"taxonomy":"post_tag","embeddable":true,"href":"https:\/\/tvc16.com\/portal\/wp-json\/wp\/v2\/tags?post=9216"}],"curies":[{"name":"wp","href":"https:\/\/api.w.org\/{rel}","templated":true}]}}