{"id":9219,"date":"2021-01-04T21:46:44","date_gmt":"2021-01-05T00:46:44","guid":{"rendered":"https:\/\/tvc16.com\/portal\/?p=9219"},"modified":"2021-01-04T21:46:46","modified_gmt":"2021-01-05T00:46:46","slug":"rj-governo-estadual-pretende-imunizar-54-milhoes-de-pessoas-contra-covid-19","status":"publish","type":"post","link":"https:\/\/tvc16.com\/portal\/2021\/01\/04\/rj-governo-estadual-pretende-imunizar-54-milhoes-de-pessoas-contra-covid-19\/","title":{"rendered":"RJ: governo estadual pretende imunizar 5,4 milh\u00f5es de pessoas contra Covid-19"},"content":{"rendered":"\n<p>Montante deve ser atingido na primeira etapa da campanha de vacina\u00e7\u00e3o, que ser\u00e1 dividida em quatro fases<\/p>\n\n\n\n<p>Governo Estadual do Rio de Janeiro pretende imunizar 5,4 milh\u00f5es de pessoas contra Covid-19. O montante equivale a um ter\u00e7o da popula\u00e7\u00e3o do estado (17,3 milh\u00f5es de habitantes) e deve ser atingido na primeira etapa da campanha de vacina\u00e7\u00e3o, que ser\u00e1 dividida em quatro fases. A informa\u00e7\u00e3o foi divulgada ap\u00f3s reuni\u00e3o entre o governador, Cl\u00e1udio Castro, o atual prefeito, Eduardo Paes, os secret\u00e1rios de Sa\u00fade e o Minist\u00e9rio da Sa\u00fade.<\/p>\n\n\n\n<p>Na primeira fase do plano de vacina\u00e7\u00e3o, ser\u00e3o imunizados 811.235 idosos, com mais de 75 anos, 545.197 trabalhadores da sa\u00fade, 10.892 idosos em institui\u00e7\u00f5es de longa perman\u00eancia e 339 ind\u00edgenas. Na segunda fase, a previs\u00e3o \u00e9 vacinar 2.181.861 idosos, entre 60 e 74 anos. J\u00e1 na terceira fase, o p\u00fablico-alvo s\u00e3o 1.666.259 pessoas com comorbidades. E, por fim, na quarta fase, devem ser imunizados 97.225 professores, 92.205 profissionais das for\u00e7as de seguran\u00e7a e salvamento, 48.708 pessoas privadas de liberdade e 991 funcion\u00e1rios do sistema prisional.<\/p>\n\n\n\n<p><strong><a href=\"https:\/\/brasil61.com\/noticias\/parceria-entre-butantan-e-fnp-quer-facilitar-compra-da-vacina-contra-covid-19-bras203134\">Parceria entre Butantan e FNP quer facilitar compra da vacina contra Covid-19<\/a><\/strong><\/p>\n\n\n\n<p><strong><a href=\"https:\/\/brasil61.com\/noticias\/uniao-estados-e-municipios-precisam-trabalhar-juntos-na-distribuicao-e-vacinacao-contra-covid-19-bras203083\">Uni\u00e3o, estados e munic\u00edpios precisam trabalhar juntos na distribui\u00e7\u00e3o e vacina\u00e7\u00e3o contra a COVID-19<\/a><\/strong><\/p>\n\n\n\n<p><strong><a href=\"https:\/\/brasil61.com\/noticias\/boletim-da-fiocruz-traz-recomendacoes-as-novas-prefeituras-para-enfrentamento-da-covid-19-bras203045\">Boletim da Fiocruz traz recomenda\u00e7\u00f5es \u00e0s novas prefeituras para enfrentamento da Covid-19<\/a><\/strong><\/p>\n\n\n\n<p>O secret\u00e1rio Estadual de Sa\u00fade, Carlos Chaves, informou que o estado do Rio possui um estoque de 8 milh\u00f5es de seringas e agulhas, e outros 8 milh\u00f5es j\u00e1 foram adquiridos, para serem distribu\u00eddos aos 92 munic\u00edpios fluminenses. Outros insumos, como m\u00e1scaras, luvas e refrigeradores tamb\u00e9m est\u00e3o em processo de compra.<\/p>\n\n\n\n<p>Ainda n\u00e3o h\u00e1 uma data prevista para o in\u00edcio da vacina\u00e7\u00e3o contra Covid-19, no Rio de Janeiro. O calend\u00e1rio deve seguir o Plano Nacional de Imuniza\u00e7\u00f5es, que ser\u00e1 divulgado pelo Minist\u00e9rio da Sa\u00fade.<\/p>\n\n\n\n<p>Fonte: <a href=\"https:\/\/brasil61.com\/noticias\/rj-governo-estadual-pretende-imunizar-5-4-milhoes-de-pessoas-contra-covid-19-bras213252?email=bethdeoliveira@yahoo.com.br&amp;utm_source=email_individual&amp;utm_medium=email_individual&amp;utm_campaign=email_individual\" target=\"_blank\" rel=\"noreferrer noopener\">Brasil 61<\/a><\/p>\n","protected":false},"excerpt":{"rendered":"<p>Montante deve ser atingido na primeira etapa da campanha de vacina\u00e7\u00e3o, que ser\u00e1 dividida em<\/p>\n","protected":false},"author":2,"featured_media":9220,"comment_status":"open","ping_status":"open","sticky":false,"template":"","format":"standard","meta":{"footnotes":""},"categories":[17],"tags":[],"class_list":["post-9219","post","type-post","status-publish","format-standard","has-post-thumbnail","hentry","category-outras-noticias"],"_links":{"self":[{"href":"https:\/\/tvc16.com\/portal\/wp-json\/wp\/v2\/posts\/9219","targetHints":{"allow":["GET"]}}],"collection":[{"href":"https:\/\/tvc16.com\/portal\/wp-json\/wp\/v2\/posts"}],"about":[{"href":"https:\/\/tvc16.com\/portal\/wp-json\/wp\/v2\/types\/post"}],"author":[{"embeddable":true,"href":"https:\/\/tvc16.com\/portal\/wp-json\/wp\/v2\/users\/2"}],"replies":[{"embeddable":true,"href":"https:\/\/tvc16.com\/portal\/wp-json\/wp\/v2\/comments?post=9219"}],"version-history":[{"count":1,"href":"https:\/\/tvc16.com\/portal\/wp-json\/wp\/v2\/posts\/9219\/revisions"}],"predecessor-version":[{"id":9221,"href":"https:\/\/tvc16.com\/portal\/wp-json\/wp\/v2\/posts\/9219\/revisions\/9221"}],"wp:featuredmedia":[{"embeddable":true,"href":"https:\/\/tvc16.com\/portal\/wp-json\/wp\/v2\/media\/9220"}],"wp:attachment":[{"href":"https:\/\/tvc16.com\/portal\/wp-json\/wp\/v2\/media?parent=9219"}],"wp:term":[{"taxonomy":"category","embeddable":true,"href":"https:\/\/tvc16.com\/portal\/wp-json\/wp\/v2\/categories?post=9219"},{"taxonomy":"post_tag","embeddable":true,"href":"https:\/\/tvc16.com\/portal\/wp-json\/wp\/v2\/tags?post=9219"}],"curies":[{"name":"wp","href":"https:\/\/api.w.org\/{rel}","templated":true}]}}