{"id":9227,"date":"2021-01-04T23:00:14","date_gmt":"2021-01-05T02:00:14","guid":{"rendered":"https:\/\/tvc16.com\/portal\/?p=9227"},"modified":"2021-01-04T23:00:16","modified_gmt":"2021-01-05T02:00:16","slug":"serratec-abre-inscricoes-para-residencia-em-software-capacitacao-tecnologica-por-imersao-e-gratuita-e-beneficiara-cidades-de-petropolis-teresopolis-e-nova-friburgo","status":"publish","type":"post","link":"https:\/\/tvc16.com\/portal\/2021\/01\/04\/serratec-abre-inscricoes-para-residencia-em-software-capacitacao-tecnologica-por-imersao-e-gratuita-e-beneficiara-cidades-de-petropolis-teresopolis-e-nova-friburgo\/","title":{"rendered":"Serratec abre inscri\u00e7\u00f5es para Resid\u00eancia em Software.  Capacita\u00e7\u00e3o tecnol\u00f3gica por imers\u00e3o \u00e9 gratuita e beneficiar\u00e1 cidades de Petr\u00f3polis, Teres\u00f3polis e Nova Friburgo"},"content":{"rendered":"\n<p><\/p>\n\n\n\n<p><\/p>\n\n\n\n<p>O Serratec \u2013 Parque Tecnol\u00f3gico da Regi\u00e3o Serrana abre amanh\u00e3 (05) at\u00e9 31 de janeiro, atrav\u00e9s de seu site (<a rel=\"noreferrer noopener\" target=\"_blank\" href=\"http:\/\/serratec.org\/residencia-de-software\/\">http:\/\/serratec.org\/residencia-de-software<\/a>), as inscri\u00e7\u00f5es para o processo seletivo 2021.1 do programa de Resid\u00eancia em TIC\/Software, em Petr\u00f3polis, Teres\u00f3polis e Nova Friburgo. Trata-se de um curso gratuito de imers\u00e3o tecnol\u00f3gica, voltado \u00e0 qualifica\u00e7\u00e3o profissional de programadores, que une teoria e pr\u00e1tica e dura quatro meses e meio. &nbsp;<\/p>\n\n\n\n<p>\u00c9 preciso ter o ensino m\u00e9dio conclu\u00eddo, ser maior de 16 anos, ter disponibilidade de aprender e estudar mais de oito horas por dia e, preferencialmente, morar em um dos tr\u00eas munic\u00edpios serranos ou em pequenas cidades vizinhas a eles, em um raio de 30 km. E n\u00e3o precisa ter conhecimento pr\u00e9vio em tecnologia, sen\u00e3o disposi\u00e7\u00e3o de mergulhar de cabe\u00e7a na oportunidade. &nbsp;<\/p>\n\n\n\n<p>Ao final, o aluno ainda pode conseguir emprego em uma das empresas parceiras do Programa. \u00c9 uma esp\u00e9cie de passaporte para um dos mercados que mais cresce no mundo, o de tecnologia. Por conta da pandemia da Covid-19, ser\u00e1 realizado em formato online, com aulas ao vivo, seguindo o modelo j\u00e1 operado em 2020. Mulheres, pessoas com defici\u00eancia, pessoas negras e quem estudou em escola p\u00fablica s\u00e3o p\u00fablicos priorit\u00e1rios, de acordo com o edital do Programa. &nbsp;<\/p>\n\n\n\n<p>Um dos objetivos da Resid\u00eancia \u00e9&nbsp;ajudar a suprir a demanda por profissionais de TI das empresas da regi\u00e3o e fomentar a atra\u00e7\u00e3o de novos empreendimentos de tecnologia para as cidades serranas. &nbsp;<\/p>\n","protected":false},"excerpt":{"rendered":"<p>O Serratec \u2013 Parque Tecnol\u00f3gico da Regi\u00e3o Serrana abre amanh\u00e3 (05) at\u00e9 31 de janeiro,<\/p>\n","protected":false},"author":2,"featured_media":9228,"comment_status":"open","ping_status":"open","sticky":false,"template":"","format":"standard","meta":{"footnotes":""},"categories":[12],"tags":[],"class_list":["post-9227","post","type-post","status-publish","format-standard","has-post-thumbnail","hentry","category-cidade"],"_links":{"self":[{"href":"https:\/\/tvc16.com\/portal\/wp-json\/wp\/v2\/posts\/9227","targetHints":{"allow":["GET"]}}],"collection":[{"href":"https:\/\/tvc16.com\/portal\/wp-json\/wp\/v2\/posts"}],"about":[{"href":"https:\/\/tvc16.com\/portal\/wp-json\/wp\/v2\/types\/post"}],"author":[{"embeddable":true,"href":"https:\/\/tvc16.com\/portal\/wp-json\/wp\/v2\/users\/2"}],"replies":[{"embeddable":true,"href":"https:\/\/tvc16.com\/portal\/wp-json\/wp\/v2\/comments?post=9227"}],"version-history":[{"count":1,"href":"https:\/\/tvc16.com\/portal\/wp-json\/wp\/v2\/posts\/9227\/revisions"}],"predecessor-version":[{"id":9229,"href":"https:\/\/tvc16.com\/portal\/wp-json\/wp\/v2\/posts\/9227\/revisions\/9229"}],"wp:featuredmedia":[{"embeddable":true,"href":"https:\/\/tvc16.com\/portal\/wp-json\/wp\/v2\/media\/9228"}],"wp:attachment":[{"href":"https:\/\/tvc16.com\/portal\/wp-json\/wp\/v2\/media?parent=9227"}],"wp:term":[{"taxonomy":"category","embeddable":true,"href":"https:\/\/tvc16.com\/portal\/wp-json\/wp\/v2\/categories?post=9227"},{"taxonomy":"post_tag","embeddable":true,"href":"https:\/\/tvc16.com\/portal\/wp-json\/wp\/v2\/tags?post=9227"}],"curies":[{"name":"wp","href":"https:\/\/api.w.org\/{rel}","templated":true}]}}