{"id":9233,"date":"2021-01-05T09:08:36","date_gmt":"2021-01-05T12:08:36","guid":{"rendered":"https:\/\/tvc16.com\/portal\/?p=9233"},"modified":"2021-01-05T09:08:38","modified_gmt":"2021-01-05T12:08:38","slug":"covid-19-brasileiros-devem-ser-imunizados-a-partir-de-janeiro","status":"publish","type":"post","link":"https:\/\/tvc16.com\/portal\/2021\/01\/05\/covid-19-brasileiros-devem-ser-imunizados-a-partir-de-janeiro\/","title":{"rendered":"Covid-19: brasileiros devem ser imunizados a partir de janeiro"},"content":{"rendered":"\n<p><\/p>\n\n\n\n<p>O ministro da Sa\u00fade, Eduardo Pazuello, garantiu que os estados receber\u00e3o doses da vacina simultaneamente e que a vacina\u00e7\u00e3o em massa est\u00e1 prevista para come\u00e7ar em fevereiro<\/p>\n\n\n\n<p>2021 promete ser o ano em que o mundo todo vai voltar a sonhar com encontros e abra\u00e7os outra vez. Com a produ\u00e7\u00e3o de vacinas contra a Covid-19, a expectativa \u00e9 de que os brasileiros comecem a ser imunizados ainda em janeiro deste ano. A Ag\u00eancia Nacional de Vigil\u00e2ncia Sanit\u00e1ria (Anvisa) come\u00e7ou em novembro os testes de pelo menos quatro vacinas, que se encontram agora em fase de monitoramento e Plano de Gerenciamento de Risco.&nbsp;<\/p>\n\n\n\n<p>Em dezembro, o ministro da Sa\u00fade, Eduardo Pazuello, garantiu que todos os estados receber\u00e3o doses do imunizante simultaneamente. \u201cGostaria que todos tivessem a confian\u00e7a de que vacinaremos todos os brasileiros de forma igualit\u00e1ria, de forma proporcional ao n\u00famero de pessoas por estado \u2013 e de gra\u00e7a. Confiem na estrutura do Sistema \u00danico de Sa\u00fade (SUS), confiem que existem pessoas que realmente est\u00e3o trabalhando diuturnamente para que tenhamos a vacina distribu\u00edda o mais r\u00e1pido poss\u00edvel e a todos os brasileiros\u201d, clamou.&nbsp;<\/p>\n\n\n\n<p>Segundo previs\u00e3o da pasta, as doses come\u00e7am a ser aplicadas em car\u00e1ter emergencial at\u00e9 final de janeiro. Pazuello lembrou, ainda, que o cronograma depende da atualiza\u00e7\u00e3o dos laborat\u00f3rios que possuem contratos firmados com a pasta. \u201cA vacina\u00e7\u00e3o com quantidade e registros necess\u00e1rios para a vacina\u00e7\u00e3o em massa come\u00e7a a partir de fevereiro\u201d, revelou Pazuello.&nbsp;<\/p>\n\n\n\n<p>A Anvisa passou a divulgar em seu portal o status das an\u00e1lises preliminares para registro e outras informa\u00e7\u00f5es de vacinas contra a Covid-19. A \u00faltima atualiza\u00e7\u00e3o, feita em 1\u00ba de janeiro de 2021, mostra que as quatro vacinas em teste no Brasil \u2013 Astrazeneca\/Fiocruz, Janssen, Pfizer e Sinovac\/Butantan \u2013 conclu\u00edram a Fase II. Em rela\u00e7\u00e3o \u00e0 Fase III, apenas a Astrazeneca concluiu os testes. As demais est\u00e3o em an\u00e1lise ou com documentos pendentes.&nbsp;<\/p>\n\n\n\n<figure class=\"wp-block-image\"><img decoding=\"async\" src=\"\/\/s3-sa-east-1.amazonaws.com\/agencia-radio-arb\/3408\/content_WhatsApp_Image_2021-01-04_at_12.49.13.jpeg\" alt=\"\" title=\"Reprodu\u00e7\u00e3o: Anvisa \"\/><\/figure>\n\n\n\n<p>Ainda de acordo com a atualiza\u00e7\u00e3o, nenhum dos quatro imunizantes est\u00e1 com pedido de uso emergencial ou com pedido de registro. Entretanto, a Ag\u00eancia j\u00e1 autorizou a importa\u00e7\u00e3o de dois milh\u00f5es de doses de vacina contra a doen\u00e7a para antecipar a disponibiliza\u00e7\u00e3o quando o registro ou uso emergencial for aprovado.<\/p>\n\n\n\n<p>A vacina com a importa\u00e7\u00e3o aprovada foi a produzida na \u00cdndia pela Serum Institute of India. A empresa fabrica a vacina da AstraZeneca, na \u00cdndia. L\u00e1, o uso emergencial j\u00e1 foi aprovado. Em nota, a Ag\u00eancia explica que \u201ca principal exig\u00eancia \u00e9 que as vacinas importadas fiquem sob a guarda espec\u00edfica da Fiocruz at\u00e9 que a Anvisa autorize o uso do produto no Pa\u00eds. Para isso, a Fiocruz deve garantir as condi\u00e7\u00f5es de armazenamento e seguran\u00e7a para manuten\u00e7\u00e3o da qualidade.&#8221;&nbsp;<\/p>\n\n\n\n<h2 class=\"wp-block-heading\">Vacina nos estados<\/h2>\n\n\n\n<p>Alguns estados j\u00e1 come\u00e7aram a se planejar em rela\u00e7\u00e3o \u00e0 vacina\u00e7\u00e3o. Um dos primeiros a anunciar a medida foi S\u00e3o Paulo. O secret\u00e1rio Estadual de Sa\u00fade, Jean Gorinchteyn, confirmou recentemente em entrevista a uma r\u00e1dio local que S\u00e3o Paulo j\u00e1 est\u00e1 preparada para iniciar a campanha de vacina\u00e7\u00e3o contra a Covid-19 em 25 de janeiro. Segundo ele, a espera \u00e9 pela autoriza\u00e7\u00e3o da Anvisa. &nbsp;Gorinchteyn garantiu que os insumos para o procedimento, que inclui desde o apoio policial para organiza\u00e7\u00e3o at\u00e9 os pontos de aplica\u00e7\u00e3o das doses, est\u00e3o assegurados.&nbsp;<\/p>\n\n\n\n<p>Na capital paraense, o prefeito Edmilson Rodrigues (PSOL) adiantou, durante a posse (1\u00ba), que j\u00e1 est\u00e1 montando uma log\u00edstica para dar in\u00edcio \u00e0 vacina\u00e7\u00e3o, tamb\u00e9m prevista para fim de janeiro.&nbsp;<\/p>\n\n\n\n<p>Outro estado a anunciar a imuniza\u00e7\u00e3o da popula\u00e7\u00e3o ainda neste m\u00eas foi o Rio de Janeiro. De acordo com o secret\u00e1rio municipal de Sa\u00fade do Rio, Daniel Soranz, a vacina\u00e7\u00e3o come\u00e7a at\u00e9 o fim de janeiro, mas avisou que o governo local vai aguardar as datas exatas de cada fase da imuniza\u00e7\u00e3o pelo Plano Nacional de Imuniza\u00e7\u00e3o, do Minist\u00e9rio da Sa\u00fade.&nbsp;<\/p>\n\n\n\n<p>J\u00e1 em Porto Alegre (RS), o prefeito Sebasti\u00e3o Melo (MDB) afirmou a inten\u00e7\u00e3o de montar um cons\u00f3rcio com cidades vizinhas para adquirir doses de vacina caso o governo federal n\u00e3o se planeje para isso.&nbsp;<\/p>\n\n\n\n<figure class=\"wp-block-image\"><img decoding=\"async\" src=\"\/\/s3-sa-east-1.amazonaws.com\/agencia-radio-arb\/3409\/content_grupos-prioritarios.png\" alt=\"\" title=\"Cria\u00e7\u00e3o: Erica Passos\"\/><\/figure>\n\n\n\n<p>A professora do curso de Sa\u00fade Coletiva da Universidade de Bras\u00edlia (UnB) Carla Pintas esclarece que, inicialmente, toda vacina precisa de autoriza\u00e7\u00e3o para ser produzida e distribu\u00edda em larga escala \u2013 e essa autoriza\u00e7\u00e3o vem da Anvisa. Para que a imuniza\u00e7\u00e3o d\u00ea certo, segundo ela, o governo federal precisa apresentar um plano de imuniza\u00e7\u00e3o espec\u00edfico para a Covid-19, como j\u00e1 \u00e9 feito para outras doen\u00e7as. O <a href=\"https:\/\/www.gov.br\/saude\/pt-br\/media\/pdf\/2020\/dezembro\/16\/plano_vacinacao_versao_eletronica.pdf\" target=\"_blank\" rel=\"noreferrer noopener\">Plano Nacional de Imuniza\u00e7\u00e3o<\/a>, apresentado em dezembro, precisa responder perguntas como: onde ser\u00e3o aplicadas as vacinas, quem pode ou n\u00e3o pode tomar, quais os grupos priorit\u00e1rios etc.&nbsp;<\/p>\n\n\n\n<p>\u201cSe esse plano n\u00e3o est\u00e1 definido com as datas, fica muito dif\u00edcil estabelecer que estados e munic\u00edpios fa\u00e7am isso \u00e0 frente do governo federal\u201d, alerta a docente.&nbsp;<\/p>\n\n\n\n<p>\u201cPode acontecer? Pode. Como vivemos em um mundo capitalista, a partir do momento que a produ\u00e7\u00e3o da vacina est\u00e1 liberada, o mercado disponibiliza e a\u00ed o estado e o munic\u00edpio bancam a compra daquela vacina para a popula\u00e7\u00e3o local. E isso pode dar muito problema, porque se isso n\u00e3o for feito a n\u00edvel nacional, imagine a correria das pessoas. S\u00e3o v\u00e1rias quest\u00f5es a serem verificadas\u201d, argumenta Carla Pintas.&nbsp;<\/p>\n\n\n\n<p><strong><a href=\"https:\/\/brasil61.com\/noticias\/parceria-entre-butantan-e-fnp-quer-facilitar-compra-da-vacina-contra-covid-19-bras203134\" target=\"_blank\" rel=\"noreferrer noopener\">Parceria entre Butantan e FNP quer facilitar compra da vacina contra covid-19<\/a><\/strong><\/p>\n\n\n\n<p><strong><a href=\"https:\/\/brasil61.com\/noticias\/ocupacao-de-leitos-covid-19-aumenta-nos-hospitais-brasileiros-bras203028\">Ocupa\u00e7\u00e3o de leitos Covid-19 aumenta nos hospitais brasileiros<\/a><\/strong><\/p>\n\n\n\n<p><strong><a href=\"https:\/\/brasil61.com\/noticias\/especial-covid-19-afinal-o-brasil-ja-esta-passando-pela-segunda-onda-da-doenca-bras202690\" target=\"_blank\" rel=\"noreferrer noopener\">Especial Covid-19: afinal, o Brasil j\u00e1 est\u00e1 passando pela segunda onda da doen\u00e7a?<\/a><\/strong><\/p>\n\n\n\n<p>Ela defende o SUS como refer\u00eancia na vacina\u00e7\u00e3o, especialmente nesse momento delicado que o Brasil vive. \u201cA vacina \u00e9 distribu\u00edda pelo Minist\u00e9rio da Sa\u00fade e estados e munic\u00edpios t\u00eam a fun\u00e7\u00e3o de fazer a log\u00edstica da aplica\u00e7\u00e3o da vacina nas Unidades B\u00e1sicas de Sa\u00fade, do espa\u00e7o f\u00edsico, equipamento, material. Se sai uma corrida \u00e0 frente desses estados e munic\u00edpios, pode dar muito problema. Estados e munic\u00edpios com mais recursos em caixa e que conseguem se organizar melhor podem sair na frente e deixar para tr\u00e1s aqueles entes com menos recursos e menos capacidade\u201d, avalia Carla. &nbsp;<\/p>\n\n\n\n<p>Para evitar que isso ocorra, a docente acredita que a melhor sa\u00edda \u00e9 o Minist\u00e9rio da Sa\u00fade se organizar e apresentar um calend\u00e1rio nacional. \u201c\u00c9 importante que o \u00f3rg\u00e3o saia \u00e0 frente, dizendo qual a quantidade de doses que ser\u00e1 distribu\u00edda em cada estado, e os estados tomarem a decis\u00e3o de como distribuir isso em cada um dos munic\u00edpios. \u00c9 assim que se faz um plano adequado de imuniza\u00e7\u00e3o\u201d, observa a especialista.&nbsp;<\/p>\n\n\n\n<h2 class=\"wp-block-heading\">Vacina\u00e7\u00e3o pelo mundo<\/h2>\n\n\n\n<p>At\u00e9 dezembro, mais de 40 pa\u00edses j\u00e1 haviam come\u00e7ado campanhas para vacinar a popula\u00e7\u00e3o. Ao todo, mais de 12 milh\u00f5es de doses tinham sido aplicadas at\u00e9 essa data. O Reino Unido saiu na frente com doses da Pfizer\/Biontech. Estados Unidos, Canad\u00e1, Ar\u00e1bia Saudita, Israel e os 27 pa\u00edses da Uni\u00e3o Europeia aparecem logo em seguida na t\u00e3o esperada campanha.&nbsp;<\/p>\n\n\n\n<p>Fonte: <a href=\"https:\/\/brasil61.com\/noticias\/covid-19-brasileiros-devem-ser-imunizados-a-partir-de-janeiro-bras213264?email=bethdeoliveira@yahoo.com.br&amp;utm_source=newsletter&amp;utm_medium=newsletter&amp;utm_campaign=newsletter\" target=\"_blank\" rel=\"noreferrer noopener\">Brasil 61<\/a><\/p>\n","protected":false},"excerpt":{"rendered":"<p>O ministro da Sa\u00fade, Eduardo Pazuello, garantiu que os estados receber\u00e3o doses da vacina simultaneamente<\/p>\n","protected":false},"author":2,"featured_media":9234,"comment_status":"open","ping_status":"open","sticky":false,"template":"","format":"standard","meta":{"footnotes":""},"categories":[17],"tags":[],"class_list":["post-9233","post","type-post","status-publish","format-standard","has-post-thumbnail","hentry","category-outras-noticias"],"_links":{"self":[{"href":"https:\/\/tvc16.com\/portal\/wp-json\/wp\/v2\/posts\/9233","targetHints":{"allow":["GET"]}}],"collection":[{"href":"https:\/\/tvc16.com\/portal\/wp-json\/wp\/v2\/posts"}],"about":[{"href":"https:\/\/tvc16.com\/portal\/wp-json\/wp\/v2\/types\/post"}],"author":[{"embeddable":true,"href":"https:\/\/tvc16.com\/portal\/wp-json\/wp\/v2\/users\/2"}],"replies":[{"embeddable":true,"href":"https:\/\/tvc16.com\/portal\/wp-json\/wp\/v2\/comments?post=9233"}],"version-history":[{"count":1,"href":"https:\/\/tvc16.com\/portal\/wp-json\/wp\/v2\/posts\/9233\/revisions"}],"predecessor-version":[{"id":9235,"href":"https:\/\/tvc16.com\/portal\/wp-json\/wp\/v2\/posts\/9233\/revisions\/9235"}],"wp:featuredmedia":[{"embeddable":true,"href":"https:\/\/tvc16.com\/portal\/wp-json\/wp\/v2\/media\/9234"}],"wp:attachment":[{"href":"https:\/\/tvc16.com\/portal\/wp-json\/wp\/v2\/media?parent=9233"}],"wp:term":[{"taxonomy":"category","embeddable":true,"href":"https:\/\/tvc16.com\/portal\/wp-json\/wp\/v2\/categories?post=9233"},{"taxonomy":"post_tag","embeddable":true,"href":"https:\/\/tvc16.com\/portal\/wp-json\/wp\/v2\/tags?post=9233"}],"curies":[{"name":"wp","href":"https:\/\/api.w.org\/{rel}","templated":true}]}}