{"id":924,"date":"2020-09-22T13:52:57","date_gmt":"2020-09-22T13:52:57","guid":{"rendered":"https:\/\/tvc16.com\/portal\/?p=924"},"modified":"2020-09-22T13:52:57","modified_gmt":"2020-09-22T13:52:57","slug":"bolsonaro-discursa-na-75a-assembleia-geral-da-onu","status":"publish","type":"post","link":"https:\/\/tvc16.com\/portal\/2020\/09\/22\/bolsonaro-discursa-na-75a-assembleia-geral-da-onu\/","title":{"rendered":"Bolsonaro discursa na 75\u00aa Assembleia Geral da ONU"},"content":{"rendered":"\n<p>Primeiro encontro virtual da ONU reune l\u00edderes de todos os pa\u00edses<\/p>\n\n\n\n<p>O presidente Jair Bolsonaro faz o tradicional discurso de abertura da Assembleia Geral da Organiza\u00e7\u00e3o das Na\u00e7\u00f5es Unidas na manh\u00e3 desta ter\u00e7a-feira (22). Em virtude da pandemia do novo coronav\u00edrus, o encontro \u00e9 realizado online &#8211; inova\u00e7\u00e3o que acontece por medidas de seguran\u00e7a.<\/p>\n\n\n\n<p>Apesar do car\u00e1ter virtual, a sede da ONU em Nova York receber\u00e1 um representante de cada pa\u00eds. Cerca de 200 pessoas est\u00e3o fisicamente presentes, o que equivale a 10% da capacidade de ocupa\u00e7\u00e3o da estrutura.<\/p>\n\n\n\n<p>Assim como em 2019, quando discursou pela primeira vez na ONU, Bolsonaro deve falar sobre a Amaz\u00f4nia e as pol\u00edticas ambientais do seu governo. Cada pa\u00eds-membro tem at\u00e9 15 minutos para os discursos. Ap\u00f3s a fala do presidente brasileiro, Donald Trump, Tayyip Ergodan e Xi Jinping &#8211; l\u00edderes dos Estados Unidos, Turquia e China, respectivamente &#8211; ocupar\u00e3o a tribuna virtual.<\/p>\n\n\n\n<p>\u201cO presidente vai tocar na Amaz\u00f4nia. A princ\u00edpio vai mostrar aquilo que estamos fazendo. Temos ainda a cria\u00e7\u00e3o do Conselho [da Amaz\u00f4nia], a cria\u00e7\u00e3o da opera\u00e7\u00e3o Verde Brasil 2, um esfor\u00e7o do governo em combater as ilegalidades, o que n\u00e3o \u00e9 simples, n\u00e3o \u00e9 f\u00e1cil e elas continuam a ocorrer, infelizmente\u201d, afirmou a jornalistas, nesta segunda-feira (21), em Bras\u00edlia, o vice-presidente Hamilton Mour\u00e3o. Ele coordena as a\u00e7\u00f5es do governo brasileiro no combate ao desmatamento e \u00e0s queimadas na Amaz\u00f4nia.<\/p>\n\n\n\n<p>Ag\u00eancia Brasil &#8211; Bras\u00edlia<\/p>\n\n\n\n<p>Edi\u00e7\u00e3o: Pedro Ivo de Oliveira<\/p>\n","protected":false},"excerpt":{"rendered":"<p>Primeiro encontro virtual da ONU reune l\u00edderes de todos os pa\u00edses O presidente Jair Bolsonaro<\/p>\n","protected":false},"author":2,"featured_media":925,"comment_status":"open","ping_status":"open","sticky":false,"template":"","format":"standard","meta":{"footnotes":""},"categories":[15],"tags":[],"class_list":["post-924","post","type-post","status-publish","format-standard","has-post-thumbnail","hentry","category-politica"],"_links":{"self":[{"href":"https:\/\/tvc16.com\/portal\/wp-json\/wp\/v2\/posts\/924","targetHints":{"allow":["GET"]}}],"collection":[{"href":"https:\/\/tvc16.com\/portal\/wp-json\/wp\/v2\/posts"}],"about":[{"href":"https:\/\/tvc16.com\/portal\/wp-json\/wp\/v2\/types\/post"}],"author":[{"embeddable":true,"href":"https:\/\/tvc16.com\/portal\/wp-json\/wp\/v2\/users\/2"}],"replies":[{"embeddable":true,"href":"https:\/\/tvc16.com\/portal\/wp-json\/wp\/v2\/comments?post=924"}],"version-history":[{"count":1,"href":"https:\/\/tvc16.com\/portal\/wp-json\/wp\/v2\/posts\/924\/revisions"}],"predecessor-version":[{"id":926,"href":"https:\/\/tvc16.com\/portal\/wp-json\/wp\/v2\/posts\/924\/revisions\/926"}],"wp:featuredmedia":[{"embeddable":true,"href":"https:\/\/tvc16.com\/portal\/wp-json\/wp\/v2\/media\/925"}],"wp:attachment":[{"href":"https:\/\/tvc16.com\/portal\/wp-json\/wp\/v2\/media?parent=924"}],"wp:term":[{"taxonomy":"category","embeddable":true,"href":"https:\/\/tvc16.com\/portal\/wp-json\/wp\/v2\/categories?post=924"},{"taxonomy":"post_tag","embeddable":true,"href":"https:\/\/tvc16.com\/portal\/wp-json\/wp\/v2\/tags?post=924"}],"curies":[{"name":"wp","href":"https:\/\/api.w.org\/{rel}","templated":true}]}}