{"id":9253,"date":"2021-01-05T12:56:55","date_gmt":"2021-01-05T15:56:55","guid":{"rendered":"https:\/\/tvc16.com\/portal\/?p=9253"},"modified":"2021-01-05T12:56:57","modified_gmt":"2021-01-05T15:56:57","slug":"pre-matricula-na-rede-municipal-inscricoes-online-vao-ate-o-dia-15-de-janeiro-link-esta-disponibilizado-no-site-da-prefeitura-www-petropolis-rj-gov-br","status":"publish","type":"post","link":"https:\/\/tvc16.com\/portal\/2021\/01\/05\/pre-matricula-na-rede-municipal-inscricoes-online-vao-ate-o-dia-15-de-janeiro-link-esta-disponibilizado-no-site-da-prefeitura-www-petropolis-rj-gov-br\/","title":{"rendered":"Pr\u00e9-matr\u00edcula na rede municipal: inscri\u00e7\u00f5es online v\u00e3o at\u00e9 o dia 15 de janeiro Link est\u00e1 disponibilizado no site da prefeitura: www.petropolis.rj.gov.br"},"content":{"rendered":"\n<p><\/p>\n\n\n\n<p>Os pais ou respons\u00e1veis por crian\u00e7as e adolescentes em idade escolar que desejam fazer matr\u00edcula na rede municipal de Educa\u00e7\u00e3o devem ficar atentos ao prazo da pr\u00e9-matr\u00edcula. O servi\u00e7o se estende at\u00e9 o dia 15 de janeiro e um link est\u00e1 disponibilizado no site da prefeitura (www.petropolis.rj.gov.br) para a realiza\u00e7\u00e3o da inscri\u00e7\u00e3o.<br>Na pr\u00e9-matr\u00edcula est\u00e3o sendo cadastrados os pedidos de vaga para a pr\u00e9-escola (4 e 5 anos); Ensino Fundamental (1\u00ba ao 9\u00ba ano), bem como os que desejam retornar \u00e0 vida escolar, na modalidade Educa\u00e7\u00e3o de Jovens e Adultos (EJA).<br>O resultado da pr\u00e9-matr\u00edcula ser\u00e1 divulgado, no dia 21 de janeiro, no site da prefeitura e nas unidades escolares da rede municipal. Ap\u00f3s a divulga\u00e7\u00e3o do resultado, os respons\u00e1veis legais ou o candidato maior de idade dever\u00e3o entrar em contato com a Secretaria de Educa\u00e7\u00e3o pelos telefones (24) 2246-8683 \/ (24) 2246-8685 ou pelo e-mail seematriculaadistancia@gmail.com, no prazo de tr\u00eas dias \u00fateis, para agendar o atendimento e efetivar a matr\u00edcula. Importante: ao entrar em contato com o setor de matr\u00edcula, haver\u00e1 a possibilidade de realizar a matr\u00edcula por e-mail, n\u00e3o sendo necess\u00e1rio o comparecimento ao setor.<br>Com a data e hora do agendamento da matr\u00edcula, os pais dever\u00e3o levar para a efetiva\u00e7\u00e3o os seguintes documentos:<br>Certid\u00e3o de Nascimento e documento de identidade do aluno;<br>Declara\u00e7\u00e3o escolar (v\u00e1lida por trinta dias) constando a situa\u00e7\u00e3o do aluno para o ano subsequente ou hist\u00f3rico escolar original;<br>Carteira de Identidade e CPF do respons\u00e1vel;<br>Comprovante de resid\u00eancia atualizado;<br>Duas fotos em formato 3&#215;4;<br>Carteira de vacina\u00e7\u00e3o atualizada;<br>Comprovante do tipo sangu\u00edneo e fator RH (Lei Municipal n\u00ba 7216, de 27\/08\/2014);<br>Cart\u00e3o do Bolsa Fam\u00edlia (se benefici\u00e1rio);<br>Cart\u00e3o do SUS;<br>Parecer cl\u00ednico espec\u00edfico para alunos da modalidade da educa\u00e7\u00e3o especial.<br>Transfer\u00eancias na rede<br>Os alunos da rede municipal que desejarem a transfer\u00eancia para outras unidades dever\u00e3o comunicar o desejo de mudan\u00e7a para o gestor da unidade de ensino em que estiveram matriculados no ano de 2020.<br>A retomada das atividades de transfer\u00eancia ocorrer\u00e1 a partir do dia 1\u00ba de fevereiro deste ano. Caso haja procura pelo respons\u00e1vel ou aluno, quando maior de idade, que n\u00e3o participou da pr\u00e9-matr\u00edcula, ser\u00e3o oferecidas as vagas remanescentes, ap\u00f3s aloca\u00e7\u00e3o de todos os participantes dos processos de pr\u00e9-matr\u00edcula.<br>Vagas para creche<br>Os pais que desejam vaga nos Centros de Educa\u00e7\u00e3o Infantil (CEIs) dever\u00e3o procurar a Ger\u00eancia de Atendimento ao Educando \/ Setor de Matr\u00edculas da Secretaria de Educa\u00e7\u00e3o para pleitear uma vaga na unidade escolar desejada e realizar o cadastro para a fila de espera. Importante salientar que, no caso dos alunos que tem 4 e 5 anos, h\u00e1 vagas nas escolas que oferecem educa\u00e7\u00e3o infantil (per\u00edodo parcial e integral no caso das escolas com atendimento integral que atendem esse p\u00fablico).<br>Alunos com defici\u00eancia<br>Os alunos com defici\u00eancia matriculados na rede municipal ser\u00e3o automaticamente matriculados por interm\u00e9dio de procedimento interno, n\u00e3o havendo a necessidade de o respons\u00e1vel comparecer ao departamento de Educa\u00e7\u00e3o Especial para a efetiva\u00e7\u00e3o. Os alunos com defici\u00eancia, que tenham interesse em ingressar na rede municipal dever\u00e3o entrar em contato com o setor de matr\u00edculas pelo telefone (24) 2246-8683 \/ (24) 2246-8685 para agendar o atendimento no departamento de Educa\u00e7\u00e3o Especial.<\/p>\n","protected":false},"excerpt":{"rendered":"<p>Os pais ou respons\u00e1veis por crian\u00e7as e adolescentes em idade escolar que desejam fazer matr\u00edcula<\/p>\n","protected":false},"author":2,"featured_media":9254,"comment_status":"open","ping_status":"open","sticky":false,"template":"","format":"standard","meta":{"footnotes":""},"categories":[12],"tags":[],"class_list":["post-9253","post","type-post","status-publish","format-standard","has-post-thumbnail","hentry","category-cidade"],"_links":{"self":[{"href":"https:\/\/tvc16.com\/portal\/wp-json\/wp\/v2\/posts\/9253","targetHints":{"allow":["GET"]}}],"collection":[{"href":"https:\/\/tvc16.com\/portal\/wp-json\/wp\/v2\/posts"}],"about":[{"href":"https:\/\/tvc16.com\/portal\/wp-json\/wp\/v2\/types\/post"}],"author":[{"embeddable":true,"href":"https:\/\/tvc16.com\/portal\/wp-json\/wp\/v2\/users\/2"}],"replies":[{"embeddable":true,"href":"https:\/\/tvc16.com\/portal\/wp-json\/wp\/v2\/comments?post=9253"}],"version-history":[{"count":1,"href":"https:\/\/tvc16.com\/portal\/wp-json\/wp\/v2\/posts\/9253\/revisions"}],"predecessor-version":[{"id":9255,"href":"https:\/\/tvc16.com\/portal\/wp-json\/wp\/v2\/posts\/9253\/revisions\/9255"}],"wp:featuredmedia":[{"embeddable":true,"href":"https:\/\/tvc16.com\/portal\/wp-json\/wp\/v2\/media\/9254"}],"wp:attachment":[{"href":"https:\/\/tvc16.com\/portal\/wp-json\/wp\/v2\/media?parent=9253"}],"wp:term":[{"taxonomy":"category","embeddable":true,"href":"https:\/\/tvc16.com\/portal\/wp-json\/wp\/v2\/categories?post=9253"},{"taxonomy":"post_tag","embeddable":true,"href":"https:\/\/tvc16.com\/portal\/wp-json\/wp\/v2\/tags?post=9253"}],"curies":[{"name":"wp","href":"https:\/\/api.w.org\/{rel}","templated":true}]}}