{"id":9257,"date":"2021-01-05T13:04:07","date_gmt":"2021-01-05T16:04:07","guid":{"rendered":"https:\/\/tvc16.com\/portal\/?p=9257"},"modified":"2021-01-05T20:42:21","modified_gmt":"2021-01-05T23:42:21","slug":"o-engenheiro-de-trafego-luciano-moreira-foi-eleito-por-unanimidade-na-manha-desta-segunda-feira-04-para-o-cargo-de-diretor-presidente-da-companhia-petropolitana-de-transito-e-transportes-cptrans","status":"publish","type":"post","link":"https:\/\/tvc16.com\/portal\/2021\/01\/05\/o-engenheiro-de-trafego-luciano-moreira-foi-eleito-por-unanimidade-na-manha-desta-segunda-feira-04-para-o-cargo-de-diretor-presidente-da-companhia-petropolitana-de-transito-e-transportes-cptrans\/","title":{"rendered":"O engenheiro de tr\u00e1fego Luciano Moreira \u00e9 o novo diretor-presidente da CPTrans"},"content":{"rendered":"\n<p><em> <\/em><\/p>\n\n\n\n<p>O engenheiro de tr\u00e1fego Luciano Moreira \u00e9 o novo diretor-presidente da Companhia Petropolitana de Tr\u00e2nsito e Transportes (CPTrans). A decis\u00e3o foi tomada pelo Conselho Administrativo da companhia em reuni\u00e3o na segunda-feira (04). O encontro tamb\u00e9m definiu os novos membros dos conselhos de Administra\u00e7\u00e3o e Fiscal da CPTrans.<\/p>\n\n\n\n<p>Luciano Moreira \u00e9 formado em Engenharia de Produ\u00e7\u00e3o e p\u00f3s-graduado em Engenharia de Tr\u00e1fego. Professor universit\u00e1rio, ele tamb\u00e9m \u00e9 mestrando em Administra\u00e7\u00e3o e trabalhou em diversas empresas, como Petrobras, Mercedez-Benz e Senai. Tamb\u00e9m \u00e9 empres\u00e1rio na \u00e1rea de Educa\u00e7\u00e3o. Por quase quatro anos foi diretor operacional na companhia.<\/p>\n\n\n\n<p>\u201cA nossa prioridade \u00e9 dar bastante aten\u00e7\u00e3o ao transporte p\u00fablico no sentido de combate \u00e0 pandemia, mantendo a cidade funcionando na maior capacidade poss\u00edvel. Queremos agir com coalis\u00e3o, entendendo o momento de sensibilidade do munic\u00edpio, buscando atender a popula\u00e7\u00e3o de forma consciente junto \u00e0 C\u00e2mara\u201d, disse Luciano.<\/p>\n\n\n\n<figure class=\"wp-block-image size-large\"><img loading=\"lazy\" decoding=\"async\" width=\"768\" height=\"1024\" src=\"https:\/\/tvc16.com\/portal\/wp-content\/uploads\/2021\/01\/IMG-20210105-WA0079-768x1024.jpg\" alt=\"\" class=\"wp-image-9280\" srcset=\"https:\/\/tvc16.com\/portal\/wp-content\/uploads\/2021\/01\/IMG-20210105-WA0079-768x1024.jpg 768w, https:\/\/tvc16.com\/portal\/wp-content\/uploads\/2021\/01\/IMG-20210105-WA0079-225x300.jpg 225w, https:\/\/tvc16.com\/portal\/wp-content\/uploads\/2021\/01\/IMG-20210105-WA0079.jpg 960w\" sizes=\"auto, (max-width: 768px) 100vw, 768px\" \/><figcaption>Luciano Moreira <\/figcaption><\/figure>\n\n\n\n<p>A reuni\u00e3o ainda definiu os novos membros do Conselho de Administra\u00e7\u00e3o e Fiscal: Jo\u00e3o Paulo Seixas Pereira \u00e9 o novo presidente do Conselho de Administra\u00e7\u00e3o; Renata Leocadio Gon\u00e7alves e Filipe da Silva Rodrigues tamb\u00e9m foram escolhidos para integrar a equipe, junto a M\u00e1rcio Jos\u00e9 Viana, que ser\u00e1 suplente e representante entre os funcion\u00e1rios.<\/p>\n\n\n\n<p>Luiz Carlos Marques foi eleito para presidente do Conselho Fiscal. Fabini Hoelz e Victor Ornelas assumiram a fun\u00e7\u00e3o de diretor administrativo. Fernando Ferreira da Silva foi mantido em sua fun\u00e7\u00e3o e dar\u00e1 continuidade ao trabalho como representante dos acionistas minorit\u00e1rios. \u201cO momento \u00e9 muito importante, mesmo repleto de dificuldades. Queremos dar sequ\u00eancia ao trabalho realizado para podermos recuperar os reveses financeiros deixados\u201d, frisou Fernando Ferreira.<\/p>\n\n\n\n<p><\/p>\n\n\n\n<p><br><\/p>\n","protected":false},"excerpt":{"rendered":"<p>O engenheiro de tr\u00e1fego Luciano Moreira \u00e9 o novo diretor-presidente da Companhia Petropolitana de Tr\u00e2nsito<\/p>\n","protected":false},"author":2,"featured_media":9262,"comment_status":"open","ping_status":"open","sticky":false,"template":"","format":"standard","meta":{"footnotes":""},"categories":[12],"tags":[],"class_list":["post-9257","post","type-post","status-publish","format-standard","has-post-thumbnail","hentry","category-cidade"],"_links":{"self":[{"href":"https:\/\/tvc16.com\/portal\/wp-json\/wp\/v2\/posts\/9257","targetHints":{"allow":["GET"]}}],"collection":[{"href":"https:\/\/tvc16.com\/portal\/wp-json\/wp\/v2\/posts"}],"about":[{"href":"https:\/\/tvc16.com\/portal\/wp-json\/wp\/v2\/types\/post"}],"author":[{"embeddable":true,"href":"https:\/\/tvc16.com\/portal\/wp-json\/wp\/v2\/users\/2"}],"replies":[{"embeddable":true,"href":"https:\/\/tvc16.com\/portal\/wp-json\/wp\/v2\/comments?post=9257"}],"version-history":[{"count":3,"href":"https:\/\/tvc16.com\/portal\/wp-json\/wp\/v2\/posts\/9257\/revisions"}],"predecessor-version":[{"id":9282,"href":"https:\/\/tvc16.com\/portal\/wp-json\/wp\/v2\/posts\/9257\/revisions\/9282"}],"wp:featuredmedia":[{"embeddable":true,"href":"https:\/\/tvc16.com\/portal\/wp-json\/wp\/v2\/media\/9262"}],"wp:attachment":[{"href":"https:\/\/tvc16.com\/portal\/wp-json\/wp\/v2\/media?parent=9257"}],"wp:term":[{"taxonomy":"category","embeddable":true,"href":"https:\/\/tvc16.com\/portal\/wp-json\/wp\/v2\/categories?post=9257"},{"taxonomy":"post_tag","embeddable":true,"href":"https:\/\/tvc16.com\/portal\/wp-json\/wp\/v2\/tags?post=9257"}],"curies":[{"name":"wp","href":"https:\/\/api.w.org\/{rel}","templated":true}]}}