{"id":9263,"date":"2021-01-05T13:16:51","date_gmt":"2021-01-05T16:16:51","guid":{"rendered":"https:\/\/tvc16.com\/portal\/?p=9263"},"modified":"2021-01-05T13:16:53","modified_gmt":"2021-01-05T16:16:53","slug":"perfil-falso-no-whatsapp-utiliza-nome-do-presidente-da-cmp-fred-procopio-em-tentativa-de-golpe","status":"publish","type":"post","link":"https:\/\/tvc16.com\/portal\/2021\/01\/05\/perfil-falso-no-whatsapp-utiliza-nome-do-presidente-da-cmp-fred-procopio-em-tentativa-de-golpe\/","title":{"rendered":"PERFIL FALSO NO WHATSAPP UTILIZA NOME DO PRESIDENTE, DA CMP, FRED PROC\u00d3PIO EM TENTATIVA DE GOLPE"},"content":{"rendered":"\n<p><br>O presidente em exerc\u00edcio da C\u00e2mara Municipal de Petr\u00f3polis, vereador Fred Proc\u00f3pio (PL), foi comunicado na manh\u00e3 de hoje que est\u00e1 sendo v\u00edtima de um golpe no WhatsApp. Um perfil falso, com a sua foto, vem fazendo contato com integrantes de sua agenda e pedindo dinheiro em seu nome. O vereador j\u00e1 fez um boletim de ocorr\u00eancia, pr\u00e9-registro n\u00famero 1052021\/005743-08, e alerta que o n\u00famero usado, (24) 99951-9145, n\u00e3o lhe pertence.<br>Esse golpe vem sendo muito utilizado nos \u00faltimos meses. Os bandidos conseguem ter acesso aos dados pessoais da v\u00edtima pela compra ilegal de banco de dados ou pelo acesso \u00e0 foto de perfil do mensageiro e, ent\u00e3o, fingem ser voc\u00ea com um novo n\u00famero para extorquir dinheiro de seus contatos.<\/p>\n\n\n\n<figure class=\"wp-block-image size-large\"><img loading=\"lazy\" decoding=\"async\" width=\"472\" height=\"1024\" src=\"https:\/\/tvc16.com\/portal\/wp-content\/uploads\/2021\/01\/WhatsApp-Image-2021-01-05-at-13_02_49-472x1024.jpeg\" alt=\"\" class=\"wp-image-9265\" srcset=\"https:\/\/tvc16.com\/portal\/wp-content\/uploads\/2021\/01\/WhatsApp-Image-2021-01-05-at-13_02_49-472x1024.jpeg 472w, https:\/\/tvc16.com\/portal\/wp-content\/uploads\/2021\/01\/WhatsApp-Image-2021-01-05-at-13_02_49-138x300.jpeg 138w, https:\/\/tvc16.com\/portal\/wp-content\/uploads\/2021\/01\/WhatsApp-Image-2021-01-05-at-13_02_49.jpeg 590w\" sizes=\"auto, (max-width: 472px) 100vw, 472px\" \/><\/figure>\n\n\n\n<p><\/p>\n\n\n\n<figure class=\"wp-block-image size-large\"><img loading=\"lazy\" decoding=\"async\" width=\"472\" height=\"1024\" src=\"https:\/\/tvc16.com\/portal\/wp-content\/uploads\/2021\/01\/WhatsApp-Image-2021-01-05-at-13_02_41-472x1024.jpeg\" alt=\"\" class=\"wp-image-9266\" srcset=\"https:\/\/tvc16.com\/portal\/wp-content\/uploads\/2021\/01\/WhatsApp-Image-2021-01-05-at-13_02_41-472x1024.jpeg 472w, https:\/\/tvc16.com\/portal\/wp-content\/uploads\/2021\/01\/WhatsApp-Image-2021-01-05-at-13_02_41-138x300.jpeg 138w, https:\/\/tvc16.com\/portal\/wp-content\/uploads\/2021\/01\/WhatsApp-Image-2021-01-05-at-13_02_41.jpeg 590w\" sizes=\"auto, (max-width: 472px) 100vw, 472px\" \/><\/figure>\n","protected":false},"excerpt":{"rendered":"<p>O presidente em exerc\u00edcio da C\u00e2mara Municipal de Petr\u00f3polis, vereador Fred Proc\u00f3pio (PL), foi comunicado<\/p>\n","protected":false},"author":2,"featured_media":9264,"comment_status":"open","ping_status":"open","sticky":false,"template":"","format":"standard","meta":{"footnotes":""},"categories":[12],"tags":[],"class_list":["post-9263","post","type-post","status-publish","format-standard","has-post-thumbnail","hentry","category-cidade"],"_links":{"self":[{"href":"https:\/\/tvc16.com\/portal\/wp-json\/wp\/v2\/posts\/9263","targetHints":{"allow":["GET"]}}],"collection":[{"href":"https:\/\/tvc16.com\/portal\/wp-json\/wp\/v2\/posts"}],"about":[{"href":"https:\/\/tvc16.com\/portal\/wp-json\/wp\/v2\/types\/post"}],"author":[{"embeddable":true,"href":"https:\/\/tvc16.com\/portal\/wp-json\/wp\/v2\/users\/2"}],"replies":[{"embeddable":true,"href":"https:\/\/tvc16.com\/portal\/wp-json\/wp\/v2\/comments?post=9263"}],"version-history":[{"count":1,"href":"https:\/\/tvc16.com\/portal\/wp-json\/wp\/v2\/posts\/9263\/revisions"}],"predecessor-version":[{"id":9267,"href":"https:\/\/tvc16.com\/portal\/wp-json\/wp\/v2\/posts\/9263\/revisions\/9267"}],"wp:featuredmedia":[{"embeddable":true,"href":"https:\/\/tvc16.com\/portal\/wp-json\/wp\/v2\/media\/9264"}],"wp:attachment":[{"href":"https:\/\/tvc16.com\/portal\/wp-json\/wp\/v2\/media?parent=9263"}],"wp:term":[{"taxonomy":"category","embeddable":true,"href":"https:\/\/tvc16.com\/portal\/wp-json\/wp\/v2\/categories?post=9263"},{"taxonomy":"post_tag","embeddable":true,"href":"https:\/\/tvc16.com\/portal\/wp-json\/wp\/v2\/tags?post=9263"}],"curies":[{"name":"wp","href":"https:\/\/api.w.org\/{rel}","templated":true}]}}