{"id":927,"date":"2020-09-22T14:53:05","date_gmt":"2020-09-22T14:53:05","guid":{"rendered":"https:\/\/tvc16.com\/portal\/?p=927"},"modified":"2020-09-22T14:53:05","modified_gmt":"2020-09-22T14:53:05","slug":"senado-analisa-reajuste-de-policiais-e-prorrogacao-de-contratos-temporarios-de-saude","status":"publish","type":"post","link":"https:\/\/tvc16.com\/portal\/2020\/09\/22\/senado-analisa-reajuste-de-policiais-e-prorrogacao-de-contratos-temporarios-de-saude\/","title":{"rendered":"Senado analisa reajuste de policiais e prorroga\u00e7\u00e3o de contratos tempor\u00e1rios de sa\u00fade"},"content":{"rendered":"\n<p>Em sess\u00e3o semipresencial nesta ter\u00e7a-feira (22), com in\u00edcio \u00e0s 16h, o Plen\u00e1rio analisar\u00e1 duas medidas provis\u00f3rias, cujos prazos de vig\u00eancia expiram nesta semana: a <a href=\"https:\/\/www.congressonacional.leg.br\/materias\/medidas-provisorias\/-\/mpv\/142128\">MP 971\/2020<\/a>, que prev\u00ea aumento da remunera\u00e7\u00e3o de policiais e bombeiros do Distrito Federal, e a <a href=\"https:\/\/www.congressonacional.leg.br\/materias\/medidas-provisorias\/-\/mpv\/142171\">MP 974\/2020<\/a>, que prorroga contratos por tempo determinado no Minist\u00e9rio da Sa\u00fade.<\/p>\n\n\n\n<p>O Senado s\u00f3 tem at\u00e9 esta ter\u00e7a para votar a MP 971\/2020, cujo prazo de vig\u00eancia expira em 22 de setembro. O prazo de vig\u00eancia da MP 974\/2020, por sua vez, expira na quinta-feira (24). As duas proposi\u00e7\u00f5es foram aprovadas na C\u00e2mara nesta segunda-feira (21) e encaminhadas para vota\u00e7\u00e3o no Senado.<\/p>\n\n\n\n<p>Ap\u00f3s as MPs, ter\u00e1 in\u00edcio a vota\u00e7\u00e3o das 32 mensagens de embaixadores aprovadas na Comiss\u00e3o de Rela\u00e7\u00f5es Exteriores e Defesa Nacional (CRE), tamb\u00e9m nesta segunda-feira (21).<\/p>\n\n\n\n<h3 class=\"wp-block-heading\"><strong>Aumento aos policiais<\/strong><\/h3>\n\n\n\n<p>Relatada pelo senador Izalci Lucas (PSDB-DF), a MP 971\/2020 concede aumento salarial retroativo a janeiro de 2020 para os policiais civis e militares e bombeiros militares do Distrito Federal. O reajuste aprovado \u00e9 de 25% na Vantagem Pecuni\u00e1ria Especial (VPE) devida a policiais militares e bombeiros. Na Pol\u00edcia Civil, o aumento \u00e9 de 8%, linear, para todos os cargos. O dinheiro para custear o reajuste sair\u00e1 do Fundo Constitucional do Distrito Federal (FCDF), que reserva neste ano R$ 15,7 bilh\u00f5es para o governo local cobrir gastos com seguran\u00e7a p\u00fablica, sa\u00fade e educa\u00e7\u00e3o. O fundo faz parte do Or\u00e7amento federal.<\/p>\n\n\n\n<p>A MP 971, aprovada na C\u00e2mara sem altera\u00e7\u00f5es, tamb\u00e9m corrige a vantagem pecuni\u00e1ria espec\u00edfica (VPExt) devida a PMs e bombeiros da ativa, inativos e pensionistas dos ex-territ\u00f3rios do Amap\u00e1, de Rond\u00f4nia e de Roraima. Essas carreiras fazem parte de quadro em extin\u00e7\u00e3o de servidores da Uni\u00e3o admitidos antes da instala\u00e7\u00e3o das administra\u00e7\u00f5es estaduais. Para esse grupo, o impacto or\u00e7ament\u00e1rio ser\u00e1 de R$ 30 milh\u00f5es ao ano para 541 policiais e bombeiros militares da ativa, 2.244 em inatividade e 545 pensionistas.<\/p>\n\n\n\n<h3 class=\"wp-block-heading\"><strong>Hospitais federais<\/strong><\/h3>\n\n\n\n<p>Relatada pelo senador Conf\u00facio Moura (MDB-RO), a MP 974\/2020, aprovada na C\u00e2mara com altera\u00e7\u00f5es, autoriza o Minist\u00e9rio da Sa\u00fade a prorrogar contratos de trabalho de 3.592 profissionais tempor\u00e1rios de sa\u00fade que atuam nos seis hospitais federais localizados no estado do Rio de Janeiro. Segundo o texto aprovado pelos deputados, os contratos, firmados a partir de 2018, poder\u00e3o ser prorrogados at\u00e9 31 de dezembro de 2020, em vez de 30 de novembro, como previsto na MP original.<\/p>\n\n\n\n<p>Outra mudan\u00e7a acatada pelo relator, deputado Dr. Luiz Ant\u00f4nio Teixeira Jr. (PP-RJ), excluiu a permiss\u00e3o para que funcion\u00e1rios cujos contratos tenham se encerrado h\u00e1 menos de 24 meses possam participar da sele\u00e7\u00e3o viabilizada pela MP. De acordo com a exposi\u00e7\u00e3o de motivos da proposi\u00e7\u00e3o, como a lei pro\u00edbe a participa\u00e7\u00e3o dos rec\u00e9m-desligados, a exce\u00e7\u00e3o inclu\u00edda na MP original permitiria a recontrata\u00e7\u00e3o dos ocupantes dos cargos tempor\u00e1rios que ser\u00e3o prorrogados. O relator acatou ainda emenda que prev\u00ea a prorroga\u00e7\u00e3o de 12 contratos tempor\u00e1rios no Fundo Nacional de Desenvolvimento da Educa\u00e7\u00e3o (FNDE) que atuam na an\u00e1lise de projetos e obras.<\/p>\n\n\n\n<p><em>Com informa\u00e7\u00f5es da Ag\u00eancia C\u00e2mara de Not\u00edcias<\/em><\/p>\n\n\n\n<p>Fonte: Ag\u00eancia Senado<\/p>\n","protected":false},"excerpt":{"rendered":"<p>Em sess\u00e3o semipresencial nesta ter\u00e7a-feira (22), com in\u00edcio \u00e0s 16h, o Plen\u00e1rio analisar\u00e1 duas medidas<\/p>\n","protected":false},"author":2,"featured_media":928,"comment_status":"open","ping_status":"open","sticky":false,"template":"","format":"standard","meta":{"footnotes":""},"categories":[15],"tags":[],"class_list":["post-927","post","type-post","status-publish","format-standard","has-post-thumbnail","hentry","category-politica"],"_links":{"self":[{"href":"https:\/\/tvc16.com\/portal\/wp-json\/wp\/v2\/posts\/927","targetHints":{"allow":["GET"]}}],"collection":[{"href":"https:\/\/tvc16.com\/portal\/wp-json\/wp\/v2\/posts"}],"about":[{"href":"https:\/\/tvc16.com\/portal\/wp-json\/wp\/v2\/types\/post"}],"author":[{"embeddable":true,"href":"https:\/\/tvc16.com\/portal\/wp-json\/wp\/v2\/users\/2"}],"replies":[{"embeddable":true,"href":"https:\/\/tvc16.com\/portal\/wp-json\/wp\/v2\/comments?post=927"}],"version-history":[{"count":1,"href":"https:\/\/tvc16.com\/portal\/wp-json\/wp\/v2\/posts\/927\/revisions"}],"predecessor-version":[{"id":929,"href":"https:\/\/tvc16.com\/portal\/wp-json\/wp\/v2\/posts\/927\/revisions\/929"}],"wp:featuredmedia":[{"embeddable":true,"href":"https:\/\/tvc16.com\/portal\/wp-json\/wp\/v2\/media\/928"}],"wp:attachment":[{"href":"https:\/\/tvc16.com\/portal\/wp-json\/wp\/v2\/media?parent=927"}],"wp:term":[{"taxonomy":"category","embeddable":true,"href":"https:\/\/tvc16.com\/portal\/wp-json\/wp\/v2\/categories?post=927"},{"taxonomy":"post_tag","embeddable":true,"href":"https:\/\/tvc16.com\/portal\/wp-json\/wp\/v2\/tags?post=927"}],"curies":[{"name":"wp","href":"https:\/\/api.w.org\/{rel}","templated":true}]}}