{"id":9272,"date":"2021-01-05T20:27:34","date_gmt":"2021-01-05T23:27:34","guid":{"rendered":"https:\/\/tvc16.com\/portal\/?p=9272"},"modified":"2021-01-05T20:27:36","modified_gmt":"2021-01-05T23:27:36","slug":"hingo-hammes-anuncia-nome-da-nova-secretaria-de-assistencia-social-e-confirma-demais-secretarios","status":"publish","type":"post","link":"https:\/\/tvc16.com\/portal\/2021\/01\/05\/hingo-hammes-anuncia-nome-da-nova-secretaria-de-assistencia-social-e-confirma-demais-secretarios\/","title":{"rendered":"Hingo Hammes anuncia nome da nova secret\u00e1ria de Assist\u00eancia Social e confirma demais secret\u00e1rios"},"content":{"rendered":"\n<p>O prefeito interino Hingo Hammes anunciou o nome da nova secretaria de Assist\u00eancia Social: Rosane Borsato. Ela \u00e9 formada em Servi\u00e7o Social e atua h\u00e1 mais de vinte anos nessa \u00e1rea do munic\u00edpio. Ela foi Diretora da Casa da Cidadania, Coordenadora de Projetos no Centro de Defesa dos Direitos Humanos de Petr\u00f3polis e enquanto funcion\u00e1ria p\u00fablica, Assistente de Projetos, Coordenadora do Programa da Mulher e Diretora da Prote\u00e7\u00e3o Social Especial na Secretaria de Assist\u00eancia.<\/p>\n\n\n\n<p><br>Al\u00e9m dela, Leandro Kronemberger \u00e9 o novo diretor-presidente do Instituto Municipal de Cultura e Esportes (IMCE); Karina Bronzo est\u00e1 confirmada como secret\u00e1ria de Servi\u00e7os, Seguran\u00e7a e Ordem P\u00fablica; Marcelo Soares \u00e9 o secret\u00e1rio de Desenvolvimento Econ\u00f4mico e Marcia Palma a secret\u00e1ria de Educa\u00e7\u00e3o. Dalmir Caetano \u00e9 o Coordenador de Planejamento e Gest\u00e3o Estrat\u00e9gica.<\/p>\n\n\n\n<p>Os primeiros :<br>Antes deles, assumiram o tenente-coronel Gil Kempers, na Secretaria de Defesa Civil e A\u00e7\u00f5es Volunt\u00e1rias, F\u00e1bio Alves na Procuradoria Geral do Munic\u00edpio; Alex Christ na Controladoria; F\u00e1bio J\u00fanior como Secret\u00e1rio-Chefe de Gabinete; Fernanda Ferreira na Coordenadoria de Rela\u00e7\u00f5es Institucionais e Juliana Fernandes na Coordenadoria de Comunica\u00e7\u00e3o. Pedro Mattoso ser\u00e1 o secret\u00e1rio municipal de Fazenda, mas ainda aguarda a cess\u00e3o do atual empregador para assumir o cargo.<\/p>\n","protected":false},"excerpt":{"rendered":"<p>O prefeito interino Hingo Hammes anunciou o nome da nova secretaria de Assist\u00eancia Social: Rosane<\/p>\n","protected":false},"author":2,"featured_media":9273,"comment_status":"open","ping_status":"open","sticky":false,"template":"","format":"standard","meta":{"footnotes":""},"categories":[12],"tags":[],"class_list":["post-9272","post","type-post","status-publish","format-standard","has-post-thumbnail","hentry","category-cidade"],"_links":{"self":[{"href":"https:\/\/tvc16.com\/portal\/wp-json\/wp\/v2\/posts\/9272","targetHints":{"allow":["GET"]}}],"collection":[{"href":"https:\/\/tvc16.com\/portal\/wp-json\/wp\/v2\/posts"}],"about":[{"href":"https:\/\/tvc16.com\/portal\/wp-json\/wp\/v2\/types\/post"}],"author":[{"embeddable":true,"href":"https:\/\/tvc16.com\/portal\/wp-json\/wp\/v2\/users\/2"}],"replies":[{"embeddable":true,"href":"https:\/\/tvc16.com\/portal\/wp-json\/wp\/v2\/comments?post=9272"}],"version-history":[{"count":1,"href":"https:\/\/tvc16.com\/portal\/wp-json\/wp\/v2\/posts\/9272\/revisions"}],"predecessor-version":[{"id":9274,"href":"https:\/\/tvc16.com\/portal\/wp-json\/wp\/v2\/posts\/9272\/revisions\/9274"}],"wp:featuredmedia":[{"embeddable":true,"href":"https:\/\/tvc16.com\/portal\/wp-json\/wp\/v2\/media\/9273"}],"wp:attachment":[{"href":"https:\/\/tvc16.com\/portal\/wp-json\/wp\/v2\/media?parent=9272"}],"wp:term":[{"taxonomy":"category","embeddable":true,"href":"https:\/\/tvc16.com\/portal\/wp-json\/wp\/v2\/categories?post=9272"},{"taxonomy":"post_tag","embeddable":true,"href":"https:\/\/tvc16.com\/portal\/wp-json\/wp\/v2\/tags?post=9272"}],"curies":[{"name":"wp","href":"https:\/\/api.w.org\/{rel}","templated":true}]}}