{"id":9283,"date":"2021-01-05T20:55:03","date_gmt":"2021-01-05T23:55:03","guid":{"rendered":"https:\/\/tvc16.com\/portal\/?p=9283"},"modified":"2021-01-05T20:56:14","modified_gmt":"2021-01-05T23:56:14","slug":"governo-interino-faz-visita-ao-hmnse-a-prioridade-e-rever-o-quadro-medico-e-resolver-o-problema-da-compra-de-material-para-regularizar-os-estoques-de-medicamentos-e-insumos","status":"publish","type":"post","link":"https:\/\/tvc16.com\/portal\/2021\/01\/05\/governo-interino-faz-visita-ao-hmnse-a-prioridade-e-rever-o-quadro-medico-e-resolver-o-problema-da-compra-de-material-para-regularizar-os-estoques-de-medicamentos-e-insumos\/","title":{"rendered":"Governo interino faz visita ao HMNSE: &#8220;A prioridade \u00e9 rever o quadro m\u00e9dico e resolver o problema da compra de material, para regularizar os estoques de medicamentos e insumos&#8221;"},"content":{"rendered":"\n<p>O prefeito interino Hingo Hammes e o secret\u00e1rio de Sa\u00fade, Alo\u00edsio Barbosa da Silva Filho, visitaram, na tarde desta ter\u00e7a-feira (05), a obra da sala onde ser\u00e1 instalado o tom\u00f3grafo no Hospital Municipal Nelson de S\u00e1 Earp (HMNSE). A visita faz parte do levantamento da real situa\u00e7\u00e3o da rede p\u00fablica de sa\u00fade.<\/p>\n\n\n\n<p>\u201cEsse mapeamento \u00e9 fundamental para tra\u00e7armos as a\u00e7\u00f5es priorit\u00e1rias. Temos enormes desafios pela frente. S\u00e3o muitas as demandas, mas vamos trabalhar para garantir aquilo que \u00e9 direito da popula\u00e7\u00e3o\u201d.<\/p>\n\n\n\n<p>O Secret\u00e1rio de Sa\u00fade tamb\u00e9m esteve reunido com diretores da secretaria para a transi\u00e7\u00e3o oficial da pasta. \u201c\u00c9 importante formar uma parceria e sempre trabalhar em conjunto. Neste momento, o foco \u00e9 rever o quadro m\u00e9dico e resolver o problema da compra de material para regularizar os estoques de medicamentos e insumos. \u00c9 tempo de uni\u00e3o\u201d, frisou Alo\u00edsio Barbosa da Silva Filho, citando tamb\u00e9m a abertura de processo licitat\u00f3rio para a compra de 40 mil testes r\u00e1pidos para Covid.<\/p>\n\n\n\n<p>\u201cO prefeito interino Hingo Hammes solicitou uma remessa emergencial dos testes r\u00e1pidos para o Governo do Estado para garantir que n\u00e3o haja interrup\u00e7\u00e3o na execu\u00e7\u00e3o dos testes. Nossa inten\u00e7\u00e3o \u00e9 retomar a testagem em massa o mais r\u00e1pido poss\u00edvel para que possamos acompanhar o avan\u00e7o da doen\u00e7a na Cidade\u201d, esclareceu o secret\u00e1rio.<\/p>\n","protected":false},"excerpt":{"rendered":"<p>O prefeito interino Hingo Hammes e o secret\u00e1rio de Sa\u00fade, Alo\u00edsio Barbosa da Silva Filho,<\/p>\n","protected":false},"author":2,"featured_media":9284,"comment_status":"open","ping_status":"open","sticky":false,"template":"","format":"standard","meta":{"footnotes":""},"categories":[12],"tags":[],"class_list":["post-9283","post","type-post","status-publish","format-standard","has-post-thumbnail","hentry","category-cidade"],"_links":{"self":[{"href":"https:\/\/tvc16.com\/portal\/wp-json\/wp\/v2\/posts\/9283","targetHints":{"allow":["GET"]}}],"collection":[{"href":"https:\/\/tvc16.com\/portal\/wp-json\/wp\/v2\/posts"}],"about":[{"href":"https:\/\/tvc16.com\/portal\/wp-json\/wp\/v2\/types\/post"}],"author":[{"embeddable":true,"href":"https:\/\/tvc16.com\/portal\/wp-json\/wp\/v2\/users\/2"}],"replies":[{"embeddable":true,"href":"https:\/\/tvc16.com\/portal\/wp-json\/wp\/v2\/comments?post=9283"}],"version-history":[{"count":2,"href":"https:\/\/tvc16.com\/portal\/wp-json\/wp\/v2\/posts\/9283\/revisions"}],"predecessor-version":[{"id":9286,"href":"https:\/\/tvc16.com\/portal\/wp-json\/wp\/v2\/posts\/9283\/revisions\/9286"}],"wp:featuredmedia":[{"embeddable":true,"href":"https:\/\/tvc16.com\/portal\/wp-json\/wp\/v2\/media\/9284"}],"wp:attachment":[{"href":"https:\/\/tvc16.com\/portal\/wp-json\/wp\/v2\/media?parent=9283"}],"wp:term":[{"taxonomy":"category","embeddable":true,"href":"https:\/\/tvc16.com\/portal\/wp-json\/wp\/v2\/categories?post=9283"},{"taxonomy":"post_tag","embeddable":true,"href":"https:\/\/tvc16.com\/portal\/wp-json\/wp\/v2\/tags?post=9283"}],"curies":[{"name":"wp","href":"https:\/\/api.w.org\/{rel}","templated":true}]}}