{"id":9287,"date":"2021-01-05T21:37:23","date_gmt":"2021-01-06T00:37:23","guid":{"rendered":"https:\/\/tvc16.com\/portal\/?p=9287"},"modified":"2021-01-05T21:37:25","modified_gmt":"2021-01-06T00:37:25","slug":"secretaria-de-defesa-civil-e-acoes-voluntarias-ganhou-o-reforco-de-um-meteorologista-e-de-um-geografo-para-o-quadro-tecnico","status":"publish","type":"post","link":"https:\/\/tvc16.com\/portal\/2021\/01\/05\/secretaria-de-defesa-civil-e-acoes-voluntarias-ganhou-o-reforco-de-um-meteorologista-e-de-um-geografo-para-o-quadro-tecnico\/","title":{"rendered":"Secretaria de Defesa Civil e A\u00e7\u00f5es Volunt\u00e1rias ganhou o refor\u00e7o de um meteorologista e de um ge\u00f3grafo para o quadro t\u00e9cnico"},"content":{"rendered":"\n<p><em>Refor\u00e7o no quadro t\u00e9cnico da Defesa Civil vai permitir altera\u00e7\u00f5es no protocolo de chuvas<\/em><\/p>\n\n\n\n<p>Dessa maneira, e com o apoio de um ge\u00f3logo que j\u00e1 fazia parte da equipe, a pasta vai modificar os protocolos adotados pela cidade para os estados de normalidade, aten\u00e7\u00e3o, alerta e alarme em casos de fortes chuvas. Al\u00e9m disso, a Defesa Civil planeja reestruturar os N\u00facleos Comunit\u00e1rios de Defesa Civil (Nudecs) e ainda instalar piez\u00f4metros (equipamentos que permitem monitorar o padr\u00e3o de fluxo de \u00e1gua no solo) em comunidades que contam com as sirenes.<\/p>\n\n\n\n<p>Segundo o prefeito interino Hingo Hammes, a Defesa Civil j\u00e1 come\u00e7ou a estudar as mudan\u00e7as no protocolo. &#8220;A equipe est\u00e1 fazendo a revis\u00e3o dos \u00edndices de chuva. Essa mudan\u00e7a se faz necess\u00e1ria j\u00e1 que o protocolo usado atualmente foi criado em 2013. Al\u00e9m disso, com a instala\u00e7\u00e3o dos piez\u00f4metros, a Defesa Civil vai conseguir ser mais precisa dando uma resposta melhor para a popula\u00e7\u00e3o&#8221;, explica Hingo Hammes.<\/p>\n\n\n\n<p>O objetivo \u00e9 criar um protocolo de acionamento de sirenes individual para cada comunidade atendida pelo sistema de alerta e alarme. Em Petr\u00f3polis, s\u00e3o 20 equipamentos em 12 bairros: Gentio, Buraco do Sapo, 24 de Maio, Alto da Serra, Bingen, Dr. Thouzet, Independ\u00eancia, Quitandinha, S\u00e3o Sebasti\u00e3o, Sargento Boening, Sim\u00e9ria e Vila Felipe.<\/p>\n\n\n\n<p>&#8220;Existem solos mais est\u00e1veis e outros inst\u00e1veis, alguns absorvem melhor a \u00e1gua e outros menos. Al\u00e9m disso, precisamos levar em considera\u00e7\u00e3o a aclividade e outras caracter\u00edsticas de cada terreno. Com esses estudos e com o suporte de novos equipamentos, vamos conseguir \u00edndices individualizados de cada comunidade&#8221;, garante o secret\u00e1rio de Defesa Civil, Gil Kempers.<\/p>\n\n\n\n<p>A reestrutura\u00e7\u00e3o dos Nudecs tamb\u00e9m est\u00e1 sendo estudada pela Defesa Civil. \u201cA participa\u00e7\u00e3o popular \u00e9 fundamental. Queremos reestruturar os Nudecs para que a popula\u00e7\u00e3o se sinta parte da Defesa Civil. Al\u00e9m disso, vamos aumentar a divulga\u00e7\u00e3o atrav\u00e9s das redes sociais e da imprensa sobre os avisos e alertas de fortes chuvas\u201d, completa Gil Kempers.<\/p>\n","protected":false},"excerpt":{"rendered":"<p>Refor\u00e7o no quadro t\u00e9cnico da Defesa Civil vai permitir altera\u00e7\u00f5es no protocolo de chuvas Dessa<\/p>\n","protected":false},"author":2,"featured_media":9288,"comment_status":"open","ping_status":"open","sticky":false,"template":"","format":"standard","meta":{"footnotes":""},"categories":[12],"tags":[],"class_list":["post-9287","post","type-post","status-publish","format-standard","has-post-thumbnail","hentry","category-cidade"],"_links":{"self":[{"href":"https:\/\/tvc16.com\/portal\/wp-json\/wp\/v2\/posts\/9287","targetHints":{"allow":["GET"]}}],"collection":[{"href":"https:\/\/tvc16.com\/portal\/wp-json\/wp\/v2\/posts"}],"about":[{"href":"https:\/\/tvc16.com\/portal\/wp-json\/wp\/v2\/types\/post"}],"author":[{"embeddable":true,"href":"https:\/\/tvc16.com\/portal\/wp-json\/wp\/v2\/users\/2"}],"replies":[{"embeddable":true,"href":"https:\/\/tvc16.com\/portal\/wp-json\/wp\/v2\/comments?post=9287"}],"version-history":[{"count":1,"href":"https:\/\/tvc16.com\/portal\/wp-json\/wp\/v2\/posts\/9287\/revisions"}],"predecessor-version":[{"id":9289,"href":"https:\/\/tvc16.com\/portal\/wp-json\/wp\/v2\/posts\/9287\/revisions\/9289"}],"wp:featuredmedia":[{"embeddable":true,"href":"https:\/\/tvc16.com\/portal\/wp-json\/wp\/v2\/media\/9288"}],"wp:attachment":[{"href":"https:\/\/tvc16.com\/portal\/wp-json\/wp\/v2\/media?parent=9287"}],"wp:term":[{"taxonomy":"category","embeddable":true,"href":"https:\/\/tvc16.com\/portal\/wp-json\/wp\/v2\/categories?post=9287"},{"taxonomy":"post_tag","embeddable":true,"href":"https:\/\/tvc16.com\/portal\/wp-json\/wp\/v2\/tags?post=9287"}],"curies":[{"name":"wp","href":"https:\/\/api.w.org\/{rel}","templated":true}]}}