{"id":9290,"date":"2021-01-05T22:28:58","date_gmt":"2021-01-06T01:28:58","guid":{"rendered":"https:\/\/tvc16.com\/portal\/?p=9290"},"modified":"2021-01-05T22:29:57","modified_gmt":"2021-01-06T01:29:57","slug":"secretaria-de-saude-divulga-nova-versao-do-painel-coronavirus-com-todas-as-informacoes-sobre-a-covid-19-no-estadomudancas-buscam-aumentar-a-transparencia-e-tornar-a-apresentacao-dos-dados-da-pandemia","status":"publish","type":"post","link":"https:\/\/tvc16.com\/portal\/2021\/01\/05\/secretaria-de-saude-divulga-nova-versao-do-painel-coronavirus-com-todas-as-informacoes-sobre-a-covid-19-no-estadomudancas-buscam-aumentar-a-transparencia-e-tornar-a-apresentacao-dos-dados-da-pandemia\/","title":{"rendered":"Secretaria de Sa\u00fade divulga nova vers\u00e3o do Painel Coronav\u00edrus, com todas as informa\u00e7\u00f5es sobre a Covid-19 no estado. Mudan\u00e7as buscam aumentar a transpar\u00eancia e tornar a apresenta\u00e7\u00e3o dos dados da pandemia mais acess\u00edveis \u00e0 popula\u00e7\u00e3o"},"content":{"rendered":"\n<p><em> &nbsp;<\/em><br>Em entrevista coletiva nesta ter\u00e7a-feira, o secret\u00e1rio de Estado de Sa\u00fade, Carlos Alberto Chaves, anunciou a nova vers\u00e3o do Painel Coronav\u00edrus, que entrou no ar com informa\u00e7\u00f5es mais acess\u00edveis sobre a Covid-19 e com uma apresenta\u00e7\u00e3o completa e simplificada dos dados da pandemia no Estado do Rio. O secret\u00e1rio de Sa\u00fade do munic\u00edpio do Rio, Daniel Soranz, participou da entrevista e refor\u00e7ou a inten\u00e7\u00e3o de trabalhar de forma integrada com o Estado.<br><br>O painel ser\u00e1 a fonte exclusiva de informa\u00e7\u00f5es da Secretaria de Estado de Sa\u00fade sobre dados da Covid e est\u00e1 dispon\u00edvel no endere\u00e7o&nbsp;<a rel=\"noreferrer noopener\" target=\"_blank\" href=\"http:\/\/painel.saude.rj.gov.br\/monitoramento\/covid19.html\">http:\/\/painel.saude.rj.gov.br\/monitoramento\/covid19.html<\/a>. Nele, h\u00e1 informa\u00e7\u00f5es sobre o n\u00famero de casos e \u00f3bitos por Covid, taxa de ocupa\u00e7\u00e3o dos leitos destinados \u00e0 doen\u00e7a, e tempo de espera em fila para transfer\u00eancia para esses leitos, entre outras.Chaves ressaltou a transpar\u00eancia nas informa\u00e7\u00f5es proporcionada pelo novo servi\u00e7o, e elogiou a parceria e a uni\u00e3o com a Secretaria Municipal de Sa\u00fade: \u201cPara mim, a transpar\u00eancia \u00e9 o \u00fanico caminho. Todos sabemos as dificuldades que existem, ningu\u00e9m \u00e9 inocente de achar que n\u00e3o existem dificuldades. Mas \u00e9 para frente que se anda. Temos de divulgar as informa\u00e7\u00f5es de forma \u00fanica, para lutar contra a desinforma\u00e7\u00e3o\u201d, disse ele.<br>Para Soranz, \u00e9 fundamental disponibilizar informa\u00e7\u00e3o \u00fanica, correta e organizada. \u201cO que o secret\u00e1rio de Estado est\u00e1 apresentando aqui hoje \u00e9 uma forma de organizar a informa\u00e7\u00e3o e deix\u00e1-la cada vez mais simples e objetiva para as pessoas usarem. Fiquei muito surpreso com a qualidade t\u00e9cnica de toda a formata\u00e7\u00e3o dos dados. N\u00e3o \u00e9 uma coisa f\u00e1cil de fazer. A gente vai usar no munic\u00edpio do Rio tamb\u00e9m o painel do estado, para que se tenha informa\u00e7\u00e3o \u00fanica\u201d.<\/p>\n\n\n\n<p><strong>Informa\u00e7\u00f5es detalhadas por munic\u00edpio&nbsp;<\/strong>No novo Painel Coronav\u00edrus, todos os dados ser\u00e3o atualizados diariamente, a partir das 17h. A informa\u00e7\u00e3o detalhada de cada indicador estar\u00e1 dispon\u00edvel nas abas internas. O painel abre com os n\u00fameros de casos e \u00f3bitos registrados nos sistemas de informa\u00e7\u00e3o nas \u00faltimas 24 horas, o que n\u00e3o quer dizer que tenham ocorrido neste per\u00edodo. A taxa de ocupa\u00e7\u00e3o de leitos no estado \u00e9 calculada com base nas informa\u00e7\u00f5es enviadas pelos munic\u00edpios. O site traz ainda informa\u00e7\u00f5es consolidadas a respeito de cada um dos 92 munic\u00edpios do estado.<br>Os dois secret\u00e1rios tamb\u00e9m falaram sobre a ado\u00e7\u00e3o da regula\u00e7\u00e3o \u00fanica de leitos no estado, que come\u00e7ar\u00e1 j\u00e1 na pr\u00f3xima semana para os leitos de Covid-19, e posteriormente para os leitos dos servi\u00e7os de sa\u00fade de alta complexidade, como UTIs e tratamentos de oncologia, cardiologia e neurologia, entre outros. \u201cNessa hora de pandemia, a regula\u00e7\u00e3o \u00fanica \u00e9 ainda mais importante, porque todos os cidad\u00e3os t\u00eam as mesmas oportunidades de acesso\u201d, disse Chaves. Daniel Soranz afirmou que \u201cn\u00e3o d\u00e1 para pensar em Sistema \u00danico de Sa\u00fade se cada um puxar para um lado e n\u00e3o remando para o mesmo local\u201d.<\/p>\n","protected":false},"excerpt":{"rendered":"<p>&nbsp;Em entrevista coletiva nesta ter\u00e7a-feira, o secret\u00e1rio de Estado de Sa\u00fade, Carlos Alberto Chaves, anunciou<\/p>\n","protected":false},"author":2,"featured_media":9022,"comment_status":"open","ping_status":"open","sticky":false,"template":"","format":"standard","meta":{"footnotes":""},"categories":[17],"tags":[],"class_list":["post-9290","post","type-post","status-publish","format-standard","has-post-thumbnail","hentry","category-outras-noticias"],"_links":{"self":[{"href":"https:\/\/tvc16.com\/portal\/wp-json\/wp\/v2\/posts\/9290","targetHints":{"allow":["GET"]}}],"collection":[{"href":"https:\/\/tvc16.com\/portal\/wp-json\/wp\/v2\/posts"}],"about":[{"href":"https:\/\/tvc16.com\/portal\/wp-json\/wp\/v2\/types\/post"}],"author":[{"embeddable":true,"href":"https:\/\/tvc16.com\/portal\/wp-json\/wp\/v2\/users\/2"}],"replies":[{"embeddable":true,"href":"https:\/\/tvc16.com\/portal\/wp-json\/wp\/v2\/comments?post=9290"}],"version-history":[{"count":2,"href":"https:\/\/tvc16.com\/portal\/wp-json\/wp\/v2\/posts\/9290\/revisions"}],"predecessor-version":[{"id":9293,"href":"https:\/\/tvc16.com\/portal\/wp-json\/wp\/v2\/posts\/9290\/revisions\/9293"}],"wp:featuredmedia":[{"embeddable":true,"href":"https:\/\/tvc16.com\/portal\/wp-json\/wp\/v2\/media\/9022"}],"wp:attachment":[{"href":"https:\/\/tvc16.com\/portal\/wp-json\/wp\/v2\/media?parent=9290"}],"wp:term":[{"taxonomy":"category","embeddable":true,"href":"https:\/\/tvc16.com\/portal\/wp-json\/wp\/v2\/categories?post=9290"},{"taxonomy":"post_tag","embeddable":true,"href":"https:\/\/tvc16.com\/portal\/wp-json\/wp\/v2\/tags?post=9290"}],"curies":[{"name":"wp","href":"https:\/\/api.w.org\/{rel}","templated":true}]}}