{"id":9297,"date":"2021-01-06T11:04:54","date_gmt":"2021-01-06T14:04:54","guid":{"rendered":"https:\/\/tvc16.com\/portal\/?p=9297"},"modified":"2021-01-06T11:04:57","modified_gmt":"2021-01-06T14:04:57","slug":"sede-do-governo-do-rio-de-janeiro-sera-transferida-para-petropolis-na-proxima-terca-feira-12-a-comitiva-vistoria-obras-de-unidades-habitacionais-e-anuncia-melhorias-para-a-regiao","status":"publish","type":"post","link":"https:\/\/tvc16.com\/portal\/2021\/01\/06\/sede-do-governo-do-rio-de-janeiro-sera-transferida-para-petropolis-na-proxima-terca-feira-12-a-comitiva-vistoria-obras-de-unidades-habitacionais-e-anuncia-melhorias-para-a-regiao\/","title":{"rendered":"Sede do Governo do Rio de Janeiro ser\u00e1 transferida para  Petr\u00f3polis, na pr\u00f3xima ter\u00e7a-feira (12), a comitiva vistoria obras de unidades habitacionais e anuncia melhorias para a regi\u00e3o."},"content":{"rendered":"\n<p><strong>\u00a0<\/strong><br>Para marcar os dez anos da trag\u00e9dia causada pelas chuvas na Regi\u00e3o Serrana, o governador em exerc\u00edcio Cl\u00e1udio Castro decretou nesta quarta-feira (06) a transfer\u00eancia da sede do governo para os munic\u00edpios de Nova Friburgo, Teres\u00f3polis e Petr\u00f3polis e luto oficial em todo Estado do Rio nos pr\u00f3ximos dias 10, 11 e 12.<\/p>\n\n\n\n<p>&#8211; H\u00e1 dez anos, os moradores da Regi\u00e3o Serrana sofreram com o maior desastre natural da hist\u00f3ria do pa\u00eds, e n\u00e3o podemos deixar de relembrar a data. Vamos transferir a sede do governo para ouvir as demandas das prefeituras e da popula\u00e7\u00e3o e definir prioridades de a\u00e7\u00f5es para a preven\u00e7\u00e3o a novas trag\u00e9dias. Em mem\u00f3ria \u00e0s v\u00edtimas, vamos celebrar atos ecum\u00eanicos. Tamb\u00e9m iremos homenagear bombeiros que ajudaram a salvar vidas e resgatar as v\u00edtimas fatais &#8211; explicou o governador.<\/p>\n\n\n\n<p>As agendas na regi\u00e3o come\u00e7am no pr\u00f3ximo domingo (10\/01), com um sobrevoo entre as cidades de Friburgo, Petr\u00f3polis e Teres\u00f3polis. Em Friburgo, o governador e seu secretariado visitam locais simb\u00f3licos da trag\u00e9dia e de obras em andamento. Na segunda-feira (11\/01), em Teres\u00f3polis, o grupo se re\u00fane com a Associa\u00e7\u00e3o de V\u00edtimas da Trag\u00e9dia e participa de encontro com prefeitos e secret\u00e1rios municipais da Serra. Em Petr\u00f3polis, na ter\u00e7a-feira (12\/01), a comitiva vistoria obras de unidades habitacionais e anuncia melhorias para a regi\u00e3o.<\/p>\n","protected":false},"excerpt":{"rendered":"<p>\u00a0Para marcar os dez anos da trag\u00e9dia causada pelas chuvas na Regi\u00e3o Serrana, o governador<\/p>\n","protected":false},"author":2,"featured_media":9298,"comment_status":"open","ping_status":"open","sticky":false,"template":"","format":"standard","meta":{"footnotes":""},"categories":[12],"tags":[],"class_list":["post-9297","post","type-post","status-publish","format-standard","has-post-thumbnail","hentry","category-cidade"],"_links":{"self":[{"href":"https:\/\/tvc16.com\/portal\/wp-json\/wp\/v2\/posts\/9297","targetHints":{"allow":["GET"]}}],"collection":[{"href":"https:\/\/tvc16.com\/portal\/wp-json\/wp\/v2\/posts"}],"about":[{"href":"https:\/\/tvc16.com\/portal\/wp-json\/wp\/v2\/types\/post"}],"author":[{"embeddable":true,"href":"https:\/\/tvc16.com\/portal\/wp-json\/wp\/v2\/users\/2"}],"replies":[{"embeddable":true,"href":"https:\/\/tvc16.com\/portal\/wp-json\/wp\/v2\/comments?post=9297"}],"version-history":[{"count":1,"href":"https:\/\/tvc16.com\/portal\/wp-json\/wp\/v2\/posts\/9297\/revisions"}],"predecessor-version":[{"id":9299,"href":"https:\/\/tvc16.com\/portal\/wp-json\/wp\/v2\/posts\/9297\/revisions\/9299"}],"wp:featuredmedia":[{"embeddable":true,"href":"https:\/\/tvc16.com\/portal\/wp-json\/wp\/v2\/media\/9298"}],"wp:attachment":[{"href":"https:\/\/tvc16.com\/portal\/wp-json\/wp\/v2\/media?parent=9297"}],"wp:term":[{"taxonomy":"category","embeddable":true,"href":"https:\/\/tvc16.com\/portal\/wp-json\/wp\/v2\/categories?post=9297"},{"taxonomy":"post_tag","embeddable":true,"href":"https:\/\/tvc16.com\/portal\/wp-json\/wp\/v2\/tags?post=9297"}],"curies":[{"name":"wp","href":"https:\/\/api.w.org\/{rel}","templated":true}]}}