{"id":930,"date":"2020-09-22T14:54:45","date_gmt":"2020-09-22T14:54:45","guid":{"rendered":"https:\/\/tvc16.com\/portal\/?p=930"},"modified":"2020-09-22T14:54:45","modified_gmt":"2020-09-22T14:54:45","slug":"senado-toma-medidas-para-seguranca-sanitaria-nas-reunioes-semipresenciais","status":"publish","type":"post","link":"https:\/\/tvc16.com\/portal\/2020\/09\/22\/senado-toma-medidas-para-seguranca-sanitaria-nas-reunioes-semipresenciais\/","title":{"rendered":"Senado toma medidas para seguran\u00e7a sanit\u00e1ria nas reuni\u00f5es semipresenciais"},"content":{"rendered":"\n<p>Os trabalhos do Senado nesta semana, com reuni\u00f5es semipresenciais para a sabatina e vota\u00e7\u00e3o de mais de 30 autoridades,&nbsp;servir\u00e1&nbsp;de teste para arquitetar o retorno \u00e0s atividades presenciais no Senado.&nbsp;A declara\u00e7\u00e3o foi dada pelo&nbsp;secret\u00e1rio-geral da Mesa do Senado, Luiz Fernando Bandeira de Mello, em entrevista \u00e0 TV Senado na manh\u00e3 desta segunda-feira (21), antes da reuni\u00e3o da Comiss\u00e3o de Rela\u00e7\u00f5es Exteriores (CRE).&nbsp;<\/p>\n\n\n\n<p>Bandeira destacou tamb\u00e9m&nbsp;que todas as a\u00e7\u00f5es de movimenta\u00e7\u00e3o de retomada est\u00e3o sendo pensadas com todo o cuidado para garantir a seguran\u00e7a dos senadores, principalmente os que fazem parte do chamado grupo de risco para covid-19. Ele afirmou que a decis\u00e3o de realizar reuni\u00f5es semipresenciais partiu da necessidade de comprova\u00e7\u00e3o de que a vota\u00e7\u00e3o est\u00e1, de fato, sendo realizada pelo senador.<\/p>\n\n\n\n<p>\u2014 O fator mais importante para a decis\u00e3o de fazer a reuni\u00e3o semipresencial \u00e9 a seguran\u00e7a. Quando o parlamentar vota pelo celular, o sistema captura a foto do seu rosto para ter certeza de que \u00e9 ele mesmo. O regimento interno prev\u00ea a possibilidade da utiliza\u00e7\u00e3o da biometria dos senadores, o que seria um risco fazer pela internet, por isso pedimos aos senadores que viessem a Bras\u00edlia \u2014 explicou Bandeira.<\/p>\n\n\n\n<p>\u00c9 com base nessa proposta de primar pela seguran\u00e7a dos parlamentares que muitos senadores poder\u00e3o acompanhar e participar remotamente da reuni\u00e3o da Comiss\u00e3o de Rela\u00e7\u00f5es Exteriores (CRE), nesta segunda-feira (21), para sabatinar 32 candidatos a embaixadas do Brasil no exterior.<\/p>\n\n\n\n<p>\u2014 Apenas nas vota\u00e7\u00f5es secretas \u00e9 que teremos que usar ou o <em>drive thru<\/em> ou as urnas que existem fora das comiss\u00f5es ou do Plen\u00e1rio. \u00c9 o mesmo equipamento que eles est\u00e3o acostumados a usar, por\u00e9m instalados fora do pr\u00e9dio de forma a preservar o distanciamento social \u2014 disse.<\/p>\n\n\n\n<p>O secret\u00e1rio-geral ressaltou tamb\u00e9m que h\u00e1 no Senado 34 embaixadores pendentes de sabatina e mais dois pendentes de vota\u00e7\u00e3o, al\u00e9m de tr\u00eas indicados ao Superior Tribunal Militar e v\u00e1rios indicados a conselhos e ag\u00eancias reguladoras. Mas foram&nbsp;priorizadas, em um primeiro momento, as autoridades que precisam de maioria simples para serem aprovadas.<\/p>\n\n\n\n<p>\u2014 Aquelas autoridades que eram sujeitas a maioria simples, que, portanto, precisam de menos votos para serem aprovadas entraram nessa primeira leva. E aqueles que precisam de maioria absoluta, ou seja, 41 senadores votando favoravelmente a uma aprova\u00e7\u00e3o de autoridade, estas est\u00e3o previstas para um segundo momento depois de testar essa semana semipresencial \u2014 pontuou.<\/p>\n\n\n\n<p>A previs\u00e3o, segundo Bandeira, \u00e9 que ocorram sess\u00f5es nos pr\u00f3ximos dias de mais de 15 horas para que os senadores consigam votar 39 autoridades pendentes na pauta, com as sabatinas que ocorrem na CRE nesta segunda-feira e na Comiss\u00e3o de Constitui\u00e7\u00e3o de Justi\u00e7a (CCJ) nesta ter\u00e7a-feira (22).<\/p>\n\n\n\n<h3 class=\"wp-block-heading\"><strong>Outras mat\u00e9rias<\/strong><\/h3>\n\n\n\n<p>Bandeira garantiu tamb\u00e9m que outras mat\u00e9rias ser\u00e3o deliberadas no Congresso. Seis Medidas Provis\u00f3rias (MPs), sendo que algumas perdem a validade na ter\u00e7a-feira (22), devem ser votadas nesta segunda na C\u00e2mara dos Deputados, por isso, o secret\u00e1rio assegurou a realiza\u00e7\u00e3o de sess\u00e3o na ter\u00e7a \u00e0 tarde no Senado para votar as MPs. Dessa forma, ficar\u00e1 a crit\u00e9rio do presidente Davi Alcolumbre decidir quantas autoridades entrar\u00e3o na pauta dessa primeira sess\u00e3o, assim como quantas MPs ser\u00e3o votadas.<\/p>\n\n\n\n<p>\u2014 A ideia \u00e9 que hoje tenhamos todos os embaixadores sabatinados. Amanh\u00e3, ter\u00e7a-feira, a CCJ sabatina quatro autoridades, das quais tr\u00eas ser\u00e3o votadas em Plen\u00e1rio. Uma delas precisa de maioria absoluta e fica para uma segunda oportunidade. Come\u00e7amos na ter\u00e7a \u00e0 tarde, na quarta inteira e na quinta inteira vota\u00e7\u00e3o dessas, a princ\u00edpio, 39 autoridades, al\u00e9m das mat\u00e9rias legislativas \u2014 explicou.<\/p>\n\n\n\n<p><em>Fernando Alves com supervis\u00e3o de Sheyla Assun\u00e7\u00e3o<\/em><\/p>\n\n\n\n<p>Fonte: Ag\u00eancia Senado<\/p>\n","protected":false},"excerpt":{"rendered":"<p>Os trabalhos do Senado nesta semana, com reuni\u00f5es semipresenciais para a sabatina e vota\u00e7\u00e3o de<\/p>\n","protected":false},"author":2,"featured_media":931,"comment_status":"open","ping_status":"open","sticky":false,"template":"","format":"standard","meta":{"footnotes":""},"categories":[15],"tags":[],"class_list":["post-930","post","type-post","status-publish","format-standard","has-post-thumbnail","hentry","category-politica"],"_links":{"self":[{"href":"https:\/\/tvc16.com\/portal\/wp-json\/wp\/v2\/posts\/930","targetHints":{"allow":["GET"]}}],"collection":[{"href":"https:\/\/tvc16.com\/portal\/wp-json\/wp\/v2\/posts"}],"about":[{"href":"https:\/\/tvc16.com\/portal\/wp-json\/wp\/v2\/types\/post"}],"author":[{"embeddable":true,"href":"https:\/\/tvc16.com\/portal\/wp-json\/wp\/v2\/users\/2"}],"replies":[{"embeddable":true,"href":"https:\/\/tvc16.com\/portal\/wp-json\/wp\/v2\/comments?post=930"}],"version-history":[{"count":1,"href":"https:\/\/tvc16.com\/portal\/wp-json\/wp\/v2\/posts\/930\/revisions"}],"predecessor-version":[{"id":932,"href":"https:\/\/tvc16.com\/portal\/wp-json\/wp\/v2\/posts\/930\/revisions\/932"}],"wp:featuredmedia":[{"embeddable":true,"href":"https:\/\/tvc16.com\/portal\/wp-json\/wp\/v2\/media\/931"}],"wp:attachment":[{"href":"https:\/\/tvc16.com\/portal\/wp-json\/wp\/v2\/media?parent=930"}],"wp:term":[{"taxonomy":"category","embeddable":true,"href":"https:\/\/tvc16.com\/portal\/wp-json\/wp\/v2\/categories?post=930"},{"taxonomy":"post_tag","embeddable":true,"href":"https:\/\/tvc16.com\/portal\/wp-json\/wp\/v2\/tags?post=930"}],"curies":[{"name":"wp","href":"https:\/\/api.w.org\/{rel}","templated":true}]}}