{"id":9300,"date":"2021-01-06T11:45:36","date_gmt":"2021-01-06T14:45:36","guid":{"rendered":"https:\/\/tvc16.com\/portal\/?p=9300"},"modified":"2021-01-06T11:45:40","modified_gmt":"2021-01-06T14:45:40","slug":"a-camara-municipal-de-petropolis-suspendeu-o-tradicional-recesso-parlamentar-da-primeira-quinzena-de-janeiro-em-virtude-da-necessidade-de-atuacao-do-parlamento-municipal-frente-a-pandemia-do-covid-19","status":"publish","type":"post","link":"https:\/\/tvc16.com\/portal\/2021\/01\/06\/a-camara-municipal-de-petropolis-suspendeu-o-tradicional-recesso-parlamentar-da-primeira-quinzena-de-janeiro-em-virtude-da-necessidade-de-atuacao-do-parlamento-municipal-frente-a-pandemia-do-covid-19\/","title":{"rendered":"A C\u00e2mara Municipal de Petr\u00f3polis suspendeu o tradicional recesso parlamentar da primeira quinzena de janeiro em virtude da necessidade de atua\u00e7\u00e3o do parlamento municipal frente \u00e0 pandemia do Covid-19"},"content":{"rendered":"\n<p>A decis\u00e3o foi tomada em reuni\u00e3o da Mesa Diretora, realizada no in\u00edcio da semana, e oficializada por meio da Portaria 001\/2021 nesta quarta (6) em publica\u00e7\u00e3o no Di\u00e1rio Oficial do Poder Legislativo.<\/p>\n\n\n\n<p>O presidente interino da C\u00e2mara, vereador Fred Proc\u00f3pio (PL), falou da necessidade de ado\u00e7\u00e3o da medida, em face da necessidade de mobiliza\u00e7\u00e3o dos vereadores em votar as medidas mais urgentes a serem encaminhadas pelo governo no enfrentamento da pandemia em Petr\u00f3polis.<\/p>\n\n\n\n<p>\u201cVivemos um momento dif\u00edcil e o poder p\u00fablico tem a obriga\u00e7\u00e3o de direcionar todas as suas a\u00e7\u00f5es para combater o avan\u00e7o da crise sanit\u00e1ria. Al\u00e9m disso, estamos juntos com o prefeito Hingo Hammes em uma gest\u00e3o participativa, que possa atender as demandas da sociedade\u201d, disse Fred Proc\u00f3pio.<\/p>\n\n\n\n<p>Com isso, a C\u00e2mara retoma suas atividades j\u00e1 nesta quarta-feira, com sess\u00e3o ordin\u00e1ria marcada para \u00e0s 16 horas. A ordem do dia para a sess\u00e3o pode ser acompanhada no site da Casa, em&nbsp;<a rel=\"noreferrer noopener\" target=\"_blank\" href=\"http:\/\/www.cmp.rj.gov.br\/index.php\/ordem-do-dia\">http:\/\/www.cmp.rj.gov.br\/index.php\/ordem-do-dia<\/a>.<\/p>\n\n\n\n<p>De acordo com o Regimento Interno da C\u00e2mara, tradicionalmente s\u00e3o realizados dois recessos quinzenais, sendo um em janeiro e o segundo em julho. Entretanto, a C\u00e2mara n\u00e3o fecha suas portas. Os gabinetes e os setores administrativos continuam em pleno funcionamento, recebendo as demandas da comunidade, fiscalizando o Poder Executivo e mantendo os trabalhos realizados pelas comiss\u00f5es permanentes e provis\u00f3rias.<br><\/p>\n","protected":false},"excerpt":{"rendered":"<p>A decis\u00e3o foi tomada em reuni\u00e3o da Mesa Diretora, realizada no in\u00edcio da semana, e<\/p>\n","protected":false},"author":2,"featured_media":0,"comment_status":"open","ping_status":"open","sticky":false,"template":"","format":"standard","meta":{"footnotes":""},"categories":[12],"tags":[],"class_list":["post-9300","post","type-post","status-publish","format-standard","hentry","category-cidade"],"_links":{"self":[{"href":"https:\/\/tvc16.com\/portal\/wp-json\/wp\/v2\/posts\/9300","targetHints":{"allow":["GET"]}}],"collection":[{"href":"https:\/\/tvc16.com\/portal\/wp-json\/wp\/v2\/posts"}],"about":[{"href":"https:\/\/tvc16.com\/portal\/wp-json\/wp\/v2\/types\/post"}],"author":[{"embeddable":true,"href":"https:\/\/tvc16.com\/portal\/wp-json\/wp\/v2\/users\/2"}],"replies":[{"embeddable":true,"href":"https:\/\/tvc16.com\/portal\/wp-json\/wp\/v2\/comments?post=9300"}],"version-history":[{"count":1,"href":"https:\/\/tvc16.com\/portal\/wp-json\/wp\/v2\/posts\/9300\/revisions"}],"predecessor-version":[{"id":9302,"href":"https:\/\/tvc16.com\/portal\/wp-json\/wp\/v2\/posts\/9300\/revisions\/9302"}],"wp:attachment":[{"href":"https:\/\/tvc16.com\/portal\/wp-json\/wp\/v2\/media?parent=9300"}],"wp:term":[{"taxonomy":"category","embeddable":true,"href":"https:\/\/tvc16.com\/portal\/wp-json\/wp\/v2\/categories?post=9300"},{"taxonomy":"post_tag","embeddable":true,"href":"https:\/\/tvc16.com\/portal\/wp-json\/wp\/v2\/tags?post=9300"}],"curies":[{"name":"wp","href":"https:\/\/api.w.org\/{rel}","templated":true}]}}