{"id":9303,"date":"2021-01-06T12:11:19","date_gmt":"2021-01-06T15:11:19","guid":{"rendered":"https:\/\/tvc16.com\/portal\/?p=9303"},"modified":"2021-01-06T12:11:22","modified_gmt":"2021-01-06T15:11:22","slug":"aumento-no-valor-do-gas-domiciliar-pesa-no-bolso-do-consumidor","status":"publish","type":"post","link":"https:\/\/tvc16.com\/portal\/2021\/01\/06\/aumento-no-valor-do-gas-domiciliar-pesa-no-bolso-do-consumidor\/","title":{"rendered":"Aumento no valor do g\u00e1s domiciliar pesa no bolso do consumidor"},"content":{"rendered":"\n<p>Reajuste afeta todo o Pa\u00eds e varia conforme a oferta e a demanda de cada estado<\/p>\n\n\n\n<p>O ano de 2020 foi marcado por sucessivos aumentos no pre\u00e7o do g\u00e1s. Em 1\u00ba de janeiro deste ano, o produto vendido no Rio Grande do Sul de forma canalizada conta com uma nova tabela, que trouxe pre\u00e7os mais amargos. A Companhia de G\u00e1s do Estado do Rio Grande do Sul (Sulg\u00e1s), que comercializa e distribui o produto, reajustou em 7,7% o pre\u00e7o do g\u00e1s natural domiciliar e o comercial em 9,37%.<\/p>\n\n\n\n<p>A Sulg\u00e1s diz que o \u00faltimo reajuste foi realizado em outubro de 2019 e que o atual aumento \u201cvisa somente realinhar as tarifas de acordo com o aumento do custo do g\u00e1s nesse per\u00edodo, que tamb\u00e9m \u00e9 diretamente impactado pela varia\u00e7\u00e3o do d\u00f3lar\u201d.<\/p>\n\n\n\n<figure class=\"wp-block-image\"><img decoding=\"async\" src=\"\/\/s3-sa-east-1.amazonaws.com\/agencia-radio-arb\/3411\/content_reajuste-do-gas_-_ARTE_FINAL_pronta_-_Mat%C3%A9ria_Paulo___Produ%C3%A7%C3%A3o_Raul.png\" alt=\"\"\/><\/figure>\n\n\n\n<p>Em Santa Catarina, neste m\u00eas, a Ag\u00eancia Reguladora de Servi\u00e7os P\u00fablicos do estado (Aresc) tamb\u00e9m aumentou em 13,43% o pre\u00e7o do g\u00e1s natural de domic\u00edlio; e em 16,6% do g\u00e1s a consumidores comerciais.&nbsp;<\/p>\n\n\n\n<p>Em 3 dezembro do ano passado, a Petrobras aumentou em 5% o pre\u00e7o m\u00e9dio do GLP, tamb\u00e9m conhecido como g\u00e1s de cozinha. O acr\u00e9scimo \u00e9 v\u00e1lido para revendedoras. O reajuste fez com que valor m\u00e9dio do botij\u00e3o de g\u00e1s de 13kg comercializado pela estatal \u00e0s revendedoras passasse para R$ 33,89. Ao longo de 2020, houve varia\u00e7\u00e3o m\u00e9dia de 21,9% no pre\u00e7o do produto, o que corresponde a R$ 6,08 por botij\u00e3o de g\u00e1s.&nbsp;<\/p>\n\n\n\n<h2 class=\"wp-block-heading\">Consumidor<\/h2>\n\n\n\n<p>O impacto desse reajuste foi sentido no restaurante do empres\u00e1rio e chefe de cozinha Marcello Lopes, de Bras\u00edlia. Para 2021, para compensar esse aumento, ele pretende investir em equipamentos el\u00e9tricos e em energia renov\u00e1vel. \u201cComecei janeiro de 2020 pagando R$ 258 com g\u00e1s de cozinha e, hoje, estou pagando R$ 335. Ou seja, foi um aumento absurdo\u201d, afirma.&nbsp;<\/p>\n\n\n\n<p>Segundo a Ag\u00eancia Nacional de Petr\u00f3leo (ANP), em Bras\u00edlia, o botij\u00e3o de g\u00e1s varia entre R$ 69,99 e R$ 93. Em Rio Branco, capital do Acre, o pre\u00e7o varia entre R$ 90 e R$ 98.&nbsp;<\/p>\n\n\n\n<p>C\u00e9sar Bergo, presidente do Conselho Regional de Economia do Distrito Federal (Corecon-DF), diz que o valor do g\u00e1s de cozinha varia em todo o Pa\u00eds conforme a oferta e a demanda do produto em cada estado. De acordo com ele, o aumento no valor do g\u00e1s de cozinha ao longo do ano passado pode ser explicado pela varia\u00e7\u00e3o do pre\u00e7o do petr\u00f3leo, um dos componentes dessa mercadoria. Al\u00e9m disso, ele cita a falta de competitividade no setor.&nbsp;<\/p>\n\n\n\n<p>\u201cO pre\u00e7o sobe tamb\u00e9m pelo fato da Petrobras ser praticamente um monop\u00f3lio do g\u00e1s de cozinha. Dessa forma, o mercado fica sujeito \u00e0s tratativas da Petrobras de compra e importa\u00e7\u00e3o do produto\u201d, explica.<\/p>\n\n\n\n<p>Carinne Souza, dona de uma lanchonete no Guar\u00e1, regi\u00e3o administrativa do Distrito Federal, conta que precisou repassar aos seus clientes o aumento do g\u00e1s de cozinha.&nbsp;<\/p>\n\n\n\n<p>\u201cPara compensar isso, precisamos economizar, por exemplo, no gasto com luz, com \u00e1gua e reduzindo a compra de alimentos. E, infelizmente, n\u00f3s tivemos que repassar esse preju\u00edzo para os clientes, aumentando os valores dos itens que vendemos.\u201d<\/p>\n\n\n\n<h2 class=\"wp-block-heading\">Nordeste<\/h2>\n\n\n\n<p>Em Campina Grande (PB), segundo pesquisa feita em dezembro pelo Procon do munic\u00edpio, o pre\u00e7o m\u00e9dio do botij\u00e3o de g\u00e1s foi de R$ 75,88 \u00e0 vista. No mesmo m\u00eas de 2019, o pre\u00e7o m\u00e9dio encontrado \u00e0 vista foi de R$ 69.&nbsp;<\/p>\n\n\n\n<p>De acordo com a Petrobras, o valor dado pela empresa ao comercializar o GLP para as distribuidoras pode ser representado pela soma de duas parcelas: uma referente ao produto vendido pela empresa e outra parcela de tributos, que s\u00e3o cobrados pelos estados e pela Uni\u00e3o. No pre\u00e7o do botij\u00e3o pago pelos consumidores nos pontos de revenda tamb\u00e9m est\u00e3o inclu\u00eddos os custos e as margens de comercializa\u00e7\u00e3o das distribuidoras e dos pontos de revenda.<\/p>\n\n\n\n<p>Fonte: <a href=\"https:\/\/brasil61.com\/noticias\/aumento-no-valor-do-gas-domiciliar-pesa-no-bolso-do-consumidor-bras213277?email=bethdeoliveira@yahoo.com.br&amp;utm_source=newsletter&amp;utm_medium=newsletter&amp;utm_campaign=newsletter\" target=\"_blank\" rel=\"noreferrer noopener\">Brasil 61<\/a><\/p>\n","protected":false},"excerpt":{"rendered":"<p>Reajuste afeta todo o Pa\u00eds e varia conforme a oferta e a demanda de cada<\/p>\n","protected":false},"author":2,"featured_media":9304,"comment_status":"open","ping_status":"open","sticky":false,"template":"","format":"standard","meta":{"footnotes":""},"categories":[17],"tags":[],"class_list":["post-9303","post","type-post","status-publish","format-standard","has-post-thumbnail","hentry","category-outras-noticias"],"_links":{"self":[{"href":"https:\/\/tvc16.com\/portal\/wp-json\/wp\/v2\/posts\/9303","targetHints":{"allow":["GET"]}}],"collection":[{"href":"https:\/\/tvc16.com\/portal\/wp-json\/wp\/v2\/posts"}],"about":[{"href":"https:\/\/tvc16.com\/portal\/wp-json\/wp\/v2\/types\/post"}],"author":[{"embeddable":true,"href":"https:\/\/tvc16.com\/portal\/wp-json\/wp\/v2\/users\/2"}],"replies":[{"embeddable":true,"href":"https:\/\/tvc16.com\/portal\/wp-json\/wp\/v2\/comments?post=9303"}],"version-history":[{"count":1,"href":"https:\/\/tvc16.com\/portal\/wp-json\/wp\/v2\/posts\/9303\/revisions"}],"predecessor-version":[{"id":9305,"href":"https:\/\/tvc16.com\/portal\/wp-json\/wp\/v2\/posts\/9303\/revisions\/9305"}],"wp:featuredmedia":[{"embeddable":true,"href":"https:\/\/tvc16.com\/portal\/wp-json\/wp\/v2\/media\/9304"}],"wp:attachment":[{"href":"https:\/\/tvc16.com\/portal\/wp-json\/wp\/v2\/media?parent=9303"}],"wp:term":[{"taxonomy":"category","embeddable":true,"href":"https:\/\/tvc16.com\/portal\/wp-json\/wp\/v2\/categories?post=9303"},{"taxonomy":"post_tag","embeddable":true,"href":"https:\/\/tvc16.com\/portal\/wp-json\/wp\/v2\/tags?post=9303"}],"curies":[{"name":"wp","href":"https:\/\/api.w.org\/{rel}","templated":true}]}}