{"id":9306,"date":"2021-01-06T19:10:41","date_gmt":"2021-01-06T22:10:41","guid":{"rendered":"https:\/\/tvc16.com\/portal\/?p=9306"},"modified":"2021-01-06T19:10:44","modified_gmt":"2021-01-06T22:10:44","slug":"comissao-de-justica-e-redacao-umas-das-mais-importantes-do-poder-legislativo-municipal-sera-presidida-pelo-vereador-gil-magno","status":"publish","type":"post","link":"https:\/\/tvc16.com\/portal\/2021\/01\/06\/comissao-de-justica-e-redacao-umas-das-mais-importantes-do-poder-legislativo-municipal-sera-presidida-pelo-vereador-gil-magno\/","title":{"rendered":"Comiss\u00e3o de Justi\u00e7a e Reda\u00e7\u00e3o, umas das mais importantes do Poder Legislativo Municipal, ser\u00e1 presidida pelo vereador Gil Magno"},"content":{"rendered":"\n<p>Em reuni\u00e3o das lideran\u00e7as partid\u00e1rias realizada no in\u00edcio da semana, a C\u00e2mara Municipal de Petr\u00f3polis definiu a nova composi\u00e7\u00e3o da Comiss\u00e3o de Justi\u00e7a e Reda\u00e7\u00e3o, umas das mais importantes do Poder Legislativo Municipal. A Comiss\u00e3o ser\u00e1 presidida pelo vereador Gil Magno (DC), e ter\u00e1 tamb\u00e9m como membros os vereadores Junior Coruja e Gilda Beatriz (ambos do PSD), nas fun\u00e7\u00f5es de vice-presidente e vogal, respectivamente.<\/p>\n\n\n\n<p>O vereador Gil Magno agradeceu a confian\u00e7a depositada pelas lideran\u00e7as partid\u00e1rias com a sua escolha como presidente desta importante comiss\u00e3o. &nbsp;<\/p>\n\n\n\n<p>\u201cSer\u00e1 uma miss\u00e3o que prometo desempenhar com dedica\u00e7\u00e3o, responsabilidade e muita transpar\u00eancia. Vamos dar agilidade aos trabalhos dessa importante comiss\u00e3o, de forma especial \u00e0s mat\u00e9rias que tragam relevante conte\u00fado social\u201d, destacou o parlamentar.<\/p>\n\n\n\n<p>A Comiss\u00e3o de Justi\u00e7a e Reda\u00e7\u00e3o \u00e9 respons\u00e1vel pela an\u00e1lise constitucional, legal, jur\u00eddica, regimental ou de t\u00e9cnica legislativa de projetos, emendas ou substitutivos sujeitos \u00e0 aprecia\u00e7\u00e3o da Casa ou de suas Comiss\u00f5es, para efeito de admissibilidade e tramita\u00e7\u00e3o. Deve ela analisar praticamente todos os projetos de lei que tramitam no Legislativo Municipal, tanto de autoria do Executivo quanto do Legislativo.<\/p>\n\n\n\n<p>Cabe \u00e0 comiss\u00e3o analisar o aspecto das propostas conforme determina\u00e7\u00f5es previstas na Constitui\u00e7\u00e3o Federal, na Lei Org\u00e2nica do Munic\u00edpio e demais legisla\u00e7\u00f5es pertinentes a cada proposi\u00e7\u00e3o. E, somente ap\u00f3s receber parecer favor\u00e1vel da Comiss\u00e3o de Justi\u00e7a e Reda\u00e7\u00e3o, o projeto estar\u00e1 apto a tramitar na Casa de Leis e posteriormente ser votado em plen\u00e1rio.<\/p>\n\n\n\n<p><\/p>\n","protected":false},"excerpt":{"rendered":"<p>Foto: O vereador Gil Magno (DC) preside a Comiss\u00e3o de Constitui\u00e7\u00e3o e Justi\u00e7a da C\u00e2mara. (Ascom\/CMP)<\/p>\n","protected":false},"author":2,"featured_media":9307,"comment_status":"open","ping_status":"open","sticky":false,"template":"","format":"standard","meta":{"footnotes":""},"categories":[12],"tags":[],"class_list":["post-9306","post","type-post","status-publish","format-standard","has-post-thumbnail","hentry","category-cidade"],"_links":{"self":[{"href":"https:\/\/tvc16.com\/portal\/wp-json\/wp\/v2\/posts\/9306","targetHints":{"allow":["GET"]}}],"collection":[{"href":"https:\/\/tvc16.com\/portal\/wp-json\/wp\/v2\/posts"}],"about":[{"href":"https:\/\/tvc16.com\/portal\/wp-json\/wp\/v2\/types\/post"}],"author":[{"embeddable":true,"href":"https:\/\/tvc16.com\/portal\/wp-json\/wp\/v2\/users\/2"}],"replies":[{"embeddable":true,"href":"https:\/\/tvc16.com\/portal\/wp-json\/wp\/v2\/comments?post=9306"}],"version-history":[{"count":1,"href":"https:\/\/tvc16.com\/portal\/wp-json\/wp\/v2\/posts\/9306\/revisions"}],"predecessor-version":[{"id":9308,"href":"https:\/\/tvc16.com\/portal\/wp-json\/wp\/v2\/posts\/9306\/revisions\/9308"}],"wp:featuredmedia":[{"embeddable":true,"href":"https:\/\/tvc16.com\/portal\/wp-json\/wp\/v2\/media\/9307"}],"wp:attachment":[{"href":"https:\/\/tvc16.com\/portal\/wp-json\/wp\/v2\/media?parent=9306"}],"wp:term":[{"taxonomy":"category","embeddable":true,"href":"https:\/\/tvc16.com\/portal\/wp-json\/wp\/v2\/categories?post=9306"},{"taxonomy":"post_tag","embeddable":true,"href":"https:\/\/tvc16.com\/portal\/wp-json\/wp\/v2\/tags?post=9306"}],"curies":[{"name":"wp","href":"https:\/\/api.w.org\/{rel}","templated":true}]}}