{"id":9309,"date":"2021-01-06T21:26:05","date_gmt":"2021-01-07T00:26:05","guid":{"rendered":"https:\/\/tvc16.com\/portal\/?p=9309"},"modified":"2021-01-06T21:26:08","modified_gmt":"2021-01-07T00:26:08","slug":"secretario-estadual-de-trabalho-e-renda-visita-a-camara-e-anuncia-abertura-da-casa-do-trabalhador","status":"publish","type":"post","link":"https:\/\/tvc16.com\/portal\/2021\/01\/06\/secretario-estadual-de-trabalho-e-renda-visita-a-camara-e-anuncia-abertura-da-casa-do-trabalhador\/","title":{"rendered":"Secret\u00e1rio  Estadual de  Trabalho e Renda, visita a C\u00e2mara e anuncia abertura da Casa do Trabalhador"},"content":{"rendered":"\n<p>A C\u00e2mara Municipal recebeu na tarde desta quarta-feira (06\/01) a visita do Capit\u00e3o Paulo Teixeira, Secret\u00e1rio de Trabalho e Renda do Estado do Rio de Janeiro, e do subsecret\u00e1rio da pasta Julio Saraiva. Eles vieram a Petr\u00f3polis anunciar a abertura da Casa do Trabalhador, na pr\u00f3xima semana. O espa\u00e7o vai funcionar na antiga rodovi\u00e1ria, Centro, no local antes ocupado pelo DETRAN\/RJ. Os representantes do Governo Estadual foram recepcionados pelo presidente da C\u00e2mara em exerc\u00edcio, vereador Fred Proc\u00f3pio (PL), pelo vereador Eduardo do Blog, que \u00e9 do mesmo partido do Secret\u00e1rio (o Republicanos), e pelos demais parlamentares.<\/p>\n","protected":false},"excerpt":{"rendered":"<p>A C\u00e2mara Municipal recebeu na tarde desta quarta-feira (06\/01) a visita do Capit\u00e3o Paulo Teixeira,<\/p>\n","protected":false},"author":2,"featured_media":9310,"comment_status":"open","ping_status":"open","sticky":false,"template":"","format":"standard","meta":{"footnotes":""},"categories":[12],"tags":[],"class_list":["post-9309","post","type-post","status-publish","format-standard","has-post-thumbnail","hentry","category-cidade"],"_links":{"self":[{"href":"https:\/\/tvc16.com\/portal\/wp-json\/wp\/v2\/posts\/9309","targetHints":{"allow":["GET"]}}],"collection":[{"href":"https:\/\/tvc16.com\/portal\/wp-json\/wp\/v2\/posts"}],"about":[{"href":"https:\/\/tvc16.com\/portal\/wp-json\/wp\/v2\/types\/post"}],"author":[{"embeddable":true,"href":"https:\/\/tvc16.com\/portal\/wp-json\/wp\/v2\/users\/2"}],"replies":[{"embeddable":true,"href":"https:\/\/tvc16.com\/portal\/wp-json\/wp\/v2\/comments?post=9309"}],"version-history":[{"count":1,"href":"https:\/\/tvc16.com\/portal\/wp-json\/wp\/v2\/posts\/9309\/revisions"}],"predecessor-version":[{"id":9311,"href":"https:\/\/tvc16.com\/portal\/wp-json\/wp\/v2\/posts\/9309\/revisions\/9311"}],"wp:featuredmedia":[{"embeddable":true,"href":"https:\/\/tvc16.com\/portal\/wp-json\/wp\/v2\/media\/9310"}],"wp:attachment":[{"href":"https:\/\/tvc16.com\/portal\/wp-json\/wp\/v2\/media?parent=9309"}],"wp:term":[{"taxonomy":"category","embeddable":true,"href":"https:\/\/tvc16.com\/portal\/wp-json\/wp\/v2\/categories?post=9309"},{"taxonomy":"post_tag","embeddable":true,"href":"https:\/\/tvc16.com\/portal\/wp-json\/wp\/v2\/tags?post=9309"}],"curies":[{"name":"wp","href":"https:\/\/api.w.org\/{rel}","templated":true}]}}