{"id":9322,"date":"2021-01-06T21:47:32","date_gmt":"2021-01-07T00:47:32","guid":{"rendered":"https:\/\/tvc16.com\/portal\/?p=9322"},"modified":"2021-01-06T21:47:35","modified_gmt":"2021-01-07T00:47:35","slug":"governo-do-estado-cria-pacto-estadual-de-enfrentamento-a-violencia-contra-a-mulher-grupo-de-trabalho-tem-como-foco-a-integracao-de-orgaos-do-estado-com-a-justica-para-a-elaboracao-de-politicas-public","status":"publish","type":"post","link":"https:\/\/tvc16.com\/portal\/2021\/01\/06\/governo-do-estado-cria-pacto-estadual-de-enfrentamento-a-violencia-contra-a-mulher-grupo-de-trabalho-tem-como-foco-a-integracao-de-orgaos-do-estado-com-a-justica-para-a-elaboracao-de-politicas-public\/","title":{"rendered":"Governo do Estado cria pacto estadual de enfrentamento \u00e0 viol\u00eancia contra a mulher. Grupo de trabalho tem como foco a integra\u00e7\u00e3o de \u00f3rg\u00e3os do Estado com a Justi\u00e7a para a elabora\u00e7\u00e3o de pol\u00edticas p\u00fablicas"},"content":{"rendered":"\n<p><br>O governador em exerc\u00edcio Cl\u00e1udio Castro determinou a cria\u00e7\u00e3o de um pacto estadual de enfrentamento \u00e0 viol\u00eancia contra a mulher. A iniciativa, anunciada em reuni\u00e3o realizada nesta quarta-feira (06\/01) com um grupo de magistradas especializadas na \u00e1rea de g\u00eanero e viol\u00eancia contra a mulher, ter\u00e1 como foco a integra\u00e7\u00e3o de \u00f3rg\u00e3os do Estado com o Tribunal de Justi\u00e7a para a elabora\u00e7\u00e3o de pol\u00edticas efetivas de enfrentamento e preven\u00e7\u00e3o \u00e0 viol\u00eancia dom\u00e9stica. O encontro contou ainda com a presen\u00e7a dos secret\u00e1rios de Desenvolvimento Social e Direitos Humanos, Bruno Dauaire, e da Casa Civil, Nicola Miccione.<\/p>\n\n\n\n<p>&#8211; Precisamos enxergar a import\u00e2ncia desse tema e agir o mais rapidamente poss\u00edvel. Determinei a elabora\u00e7\u00e3o de uma pol\u00edtica de governo contra o feminic\u00eddio com a\u00e7\u00f5es efetivas de preven\u00e7\u00e3o e conscientiza\u00e7\u00e3o da sociedade. Infelizmente, temos visto diversos casos e precisamos nos unir para enfrentarmos esse crime \u2013 destacou o governador em exerc\u00edcio, Cl\u00e1udio Castro.<\/p>\n\n\n\n<p>A ju\u00edza Adriana Ramos de Melo, titular do Primeiro Juizado de Viol\u00eancia Dom\u00e9stica do Rio, vai atuar ativamente no grupo de trabalho criado pelo Governo do Estado.<\/p>\n\n\n\n<p>&#8211; Estamos propondo pol\u00edticas p\u00fablicas focadas em tr\u00eas pilares: assist\u00eancia \u00e0s mulheres que vivenciam situa\u00e7\u00e3o de viol\u00eancia; preven\u00e7\u00e3o, com campanhas de conscientiza\u00e7\u00e3o e estudos sobre a Lei Maria da Penha nas escolas; e a repress\u00e3o da viol\u00eancia, com a estrutura\u00e7\u00e3o das delegacias de atendimento \u00e0 mulher e qualifica\u00e7\u00e3o do atendimento. Este \u00e9 um problema n\u00e3o s\u00f3 de seguran\u00e7a. \u00c9 uma quest\u00e3o tamb\u00e9m de sa\u00fade p\u00fablica e de educa\u00e7\u00e3o por causa da cultura enraizada que coloca a mulher em um papel de submiss\u00e3o.<\/p>\n\n\n\n<p>O secret\u00e1rio de Desenvolvimento Social e Direitos Humanos, Bruno Dauaire, ressaltou que o grupo de trabalho ter\u00e1 um cronograma a ser cumprido e falou sobre as propostas iniciais do pacto estadual.<\/p>\n\n\n\n<p>&#8211; O pacto vai propor a inclus\u00e3o de uma mat\u00e9ria nas escolas p\u00fablicas sobre viol\u00eancia dom\u00e9stica, vai tratar de protocolos de primeiro atendimento, reestrutura\u00e7\u00e3o dos centros de atendimento \u00e0 mulher, entre outras quest\u00f5es. N\u00f3s estamos procurando as pol\u00edcias civil e militar, j\u00e1 conversamos com o grupo de ju\u00edzas especializadas nesta \u00e1rea, vamos atr\u00e1s do Minist\u00e9rio P\u00fablico, Defensoria P\u00fablica e dar andamento a essas a\u00e7\u00f5es.<\/p>\n\n\n\n<p>Para o secret\u00e1rio da Casa Civil, Nicola Miccione, \u00e9 fundamental a integra\u00e7\u00e3o dos \u00f3rg\u00e3os do Estado com a Justi\u00e7a e o protagonismo das mulheres para a elabora\u00e7\u00e3o das pol\u00edticas p\u00fablicas.<\/p>\n\n\n\n<p>&#8211; Temos que unir as for\u00e7as para o enfrentamento a esse tipo de viol\u00eancia. As a\u00e7\u00f5es que ser\u00e3o elaboradas em conjunto far\u00e3o toda a diferen\u00e7a para a redu\u00e7\u00e3o desses \u00edndices e para o acolhimento das mulheres da forma mais adequada poss\u00edvel &#8211; ressaltou.<\/p>\n","protected":false},"excerpt":{"rendered":"<p>O governador em exerc\u00edcio Cl\u00e1udio Castro determinou a cria\u00e7\u00e3o de um pacto estadual de enfrentamento<\/p>\n","protected":false},"author":2,"featured_media":9323,"comment_status":"open","ping_status":"open","sticky":false,"template":"","format":"standard","meta":{"footnotes":""},"categories":[17],"tags":[],"class_list":["post-9322","post","type-post","status-publish","format-standard","has-post-thumbnail","hentry","category-outras-noticias"],"_links":{"self":[{"href":"https:\/\/tvc16.com\/portal\/wp-json\/wp\/v2\/posts\/9322","targetHints":{"allow":["GET"]}}],"collection":[{"href":"https:\/\/tvc16.com\/portal\/wp-json\/wp\/v2\/posts"}],"about":[{"href":"https:\/\/tvc16.com\/portal\/wp-json\/wp\/v2\/types\/post"}],"author":[{"embeddable":true,"href":"https:\/\/tvc16.com\/portal\/wp-json\/wp\/v2\/users\/2"}],"replies":[{"embeddable":true,"href":"https:\/\/tvc16.com\/portal\/wp-json\/wp\/v2\/comments?post=9322"}],"version-history":[{"count":1,"href":"https:\/\/tvc16.com\/portal\/wp-json\/wp\/v2\/posts\/9322\/revisions"}],"predecessor-version":[{"id":9324,"href":"https:\/\/tvc16.com\/portal\/wp-json\/wp\/v2\/posts\/9322\/revisions\/9324"}],"wp:featuredmedia":[{"embeddable":true,"href":"https:\/\/tvc16.com\/portal\/wp-json\/wp\/v2\/media\/9323"}],"wp:attachment":[{"href":"https:\/\/tvc16.com\/portal\/wp-json\/wp\/v2\/media?parent=9322"}],"wp:term":[{"taxonomy":"category","embeddable":true,"href":"https:\/\/tvc16.com\/portal\/wp-json\/wp\/v2\/categories?post=9322"},{"taxonomy":"post_tag","embeddable":true,"href":"https:\/\/tvc16.com\/portal\/wp-json\/wp\/v2\/tags?post=9322"}],"curies":[{"name":"wp","href":"https:\/\/api.w.org\/{rel}","templated":true}]}}