{"id":9325,"date":"2021-01-06T21:50:33","date_gmt":"2021-01-07T00:50:33","guid":{"rendered":"https:\/\/tvc16.com\/portal\/?p=9325"},"modified":"2021-01-06T21:50:36","modified_gmt":"2021-01-07T00:50:36","slug":"governo-do-estado-mobiliza-forcas-de-seguranca-para-localizar-as-tres-criancas-desaparecidas-na-baixada-fluminense","status":"publish","type":"post","link":"https:\/\/tvc16.com\/portal\/2021\/01\/06\/governo-do-estado-mobiliza-forcas-de-seguranca-para-localizar-as-tres-criancas-desaparecidas-na-baixada-fluminense\/","title":{"rendered":"Governo do Estado mobiliza for\u00e7as de seguran\u00e7a para localizar as tr\u00eas crian\u00e7as desaparecidas na Baixada Fluminense"},"content":{"rendered":"\n<p><br>Desde o registro do desaparecimento de Lucas Matheus da Silva, de 8 anos, Alexandre da Silva, de 10, e Fernando Henrique Ribeiro Soares, de 11 anos, o Governo do Estado do Rio de Janeiro vem acompanhando as investiga\u00e7\u00f5es e est\u00e1 mobilizado no esclarecimento do caso. A Secretaria de Estado de Pol\u00edcia Civil (Sepol), por meio da Delegacia de Homic\u00eddios da Baixada Fluminense (DHBF), ouviu familiares e testemunhas, e realizou dilig\u00eancias em pelo menos 30 locais na capital e nos munic\u00edpios de Belford Roxo, Duque de Caxias e Nova Igua\u00e7u, com base em depoimentos e not\u00edcias de poss\u00edveis regi\u00f5es em que os meninos teriam sido vistos.<\/p>\n\n\n\n<p>Nesta ter\u00e7a-feira (05\/01), dois amigos das crian\u00e7as prestaram depoimento e buscas foram realizadas em uma \u00e1rea de mata apontada como local para onde eles teriam ido. Os policiais tamb\u00e9m analisaram imagens de mais de 40 c\u00e2meras de seguran\u00e7a que poderiam ter registrado os tr\u00eas, mas em nenhuma eles foram flagrados. As investiga\u00e7\u00f5es continuam na especializada.<\/p>\n\n\n\n<p>O governador em exerc\u00edcio Claudio Castro usou as redes sociais para pedir apoio da popula\u00e7\u00e3o com informa\u00e7\u00f5es. Ele se solidarizou com os familiares das crian\u00e7as.<\/p>\n\n\n\n<p>&#8211; Como pai imagino o qu\u00e3o dif\u00edcil \u00e9 este momento. Fique atento \u00e0s crian\u00e7as nas ruas. Ajude-nos a localizar Lucas, Alexandre e Fernando &#8211; refor\u00e7ou o governador. &nbsp;<\/p>\n\n\n\n<p><strong>Atua\u00e7\u00e3o da FIA<\/strong><br>Na segunda-feira (04\/01), a Funda\u00e7\u00e3o para a Inf\u00e2ncia e Adolesc\u00eancia (FIA), da Secretaria de Estado de Desenvolvimento Social e Direitos Humanos, acompanhou uma a\u00e7\u00e3o de busca da Pol\u00edcia Militar em S\u00e3o Jo\u00e3o de Meriti. A FIA havia recebido den\u00fancia de que os meninos estariam no munic\u00edpio, mas ningu\u00e9m foi encontrado.<\/p>\n\n\n\n<p>O governo refor\u00e7a que para comunicar o desaparecimento de algu\u00e9m n\u00e3o \u00e9 preciso esperar 24 horas. A orienta\u00e7\u00e3o \u00e9 procurar a delegacia de Pol\u00edcia mais pr\u00f3xima e registrar um boletim de ocorr\u00eancia. Den\u00fancias que possam ajudar nas investiga\u00e7\u00f5es devem ser realizadas pelos telefones do Disque Den\u00fancia: 2253-1177; Delegacia de Homic\u00eddios da Baixada Fluminense: 2779-6902 \/ 5834 ou 98596-7442; e o programa SOS Crian\u00e7as Desaparecidas: 2286-8337 e 98596-5296.<\/p>\n","protected":false},"excerpt":{"rendered":"<p>Desde o registro do desaparecimento de Lucas Matheus da Silva, de 8 anos, Alexandre da<\/p>\n","protected":false},"author":2,"featured_media":9326,"comment_status":"open","ping_status":"open","sticky":false,"template":"","format":"standard","meta":{"footnotes":""},"categories":[17],"tags":[],"class_list":["post-9325","post","type-post","status-publish","format-standard","has-post-thumbnail","hentry","category-outras-noticias"],"_links":{"self":[{"href":"https:\/\/tvc16.com\/portal\/wp-json\/wp\/v2\/posts\/9325","targetHints":{"allow":["GET"]}}],"collection":[{"href":"https:\/\/tvc16.com\/portal\/wp-json\/wp\/v2\/posts"}],"about":[{"href":"https:\/\/tvc16.com\/portal\/wp-json\/wp\/v2\/types\/post"}],"author":[{"embeddable":true,"href":"https:\/\/tvc16.com\/portal\/wp-json\/wp\/v2\/users\/2"}],"replies":[{"embeddable":true,"href":"https:\/\/tvc16.com\/portal\/wp-json\/wp\/v2\/comments?post=9325"}],"version-history":[{"count":1,"href":"https:\/\/tvc16.com\/portal\/wp-json\/wp\/v2\/posts\/9325\/revisions"}],"predecessor-version":[{"id":9327,"href":"https:\/\/tvc16.com\/portal\/wp-json\/wp\/v2\/posts\/9325\/revisions\/9327"}],"wp:featuredmedia":[{"embeddable":true,"href":"https:\/\/tvc16.com\/portal\/wp-json\/wp\/v2\/media\/9326"}],"wp:attachment":[{"href":"https:\/\/tvc16.com\/portal\/wp-json\/wp\/v2\/media?parent=9325"}],"wp:term":[{"taxonomy":"category","embeddable":true,"href":"https:\/\/tvc16.com\/portal\/wp-json\/wp\/v2\/categories?post=9325"},{"taxonomy":"post_tag","embeddable":true,"href":"https:\/\/tvc16.com\/portal\/wp-json\/wp\/v2\/tags?post=9325"}],"curies":[{"name":"wp","href":"https:\/\/api.w.org\/{rel}","templated":true}]}}