{"id":9328,"date":"2021-01-07T00:15:39","date_gmt":"2021-01-07T03:15:39","guid":{"rendered":"https:\/\/tvc16.com\/portal\/?p=9328"},"modified":"2021-01-07T00:15:41","modified_gmt":"2021-01-07T03:15:41","slug":"petropolis-pode-ganhar-uma-unidade-da-casa-do-trabalhador-o-anuncio-foi-feito-pelo-prefeito-interino-hingo-hammes-que-se-reuniu-nesta-quarta-feira-com-o-secretario-de-trabalho-e-renda-do-estado-do-r","status":"publish","type":"post","link":"https:\/\/tvc16.com\/portal\/2021\/01\/07\/petropolis-pode-ganhar-uma-unidade-da-casa-do-trabalhador-o-anuncio-foi-feito-pelo-prefeito-interino-hingo-hammes-que-se-reuniu-nesta-quarta-feira-com-o-secretario-de-trabalho-e-renda-do-estado-do-r\/","title":{"rendered":"Petr\u00f3polis pode ganhar uma unidade da Casa do Trabalhador. O an\u00fancio foi feito pelo prefeito interino Hingo Hammes, que se reuniu nesta quarta-feira com o secret\u00e1rio de Trabalho e Renda do Estado do Rio de Janeiro, Capit\u00e3o Paulo Teixeira"},"content":{"rendered":"\n<p><\/p>\n\n\n\n<p>O encontro aconteceu por interm\u00e9dio do vereador Eduardo do Blog e contou com a presen\u00e7a do Superintendente de Atendimento ao Trabalhador da Secretaria de Estado de Trabalho e Renda, Matheus Quintal. A inten\u00e7\u00e3o \u00e9 que o novo espa\u00e7o funcione no Terminal do Centro, onde funcionava o posto do Detran.<\/p>\n\n\n\n<p>O espa\u00e7o desenvolve atividades que visam a inser\u00e7\u00e3o, reinser\u00e7\u00e3o e manuten\u00e7\u00e3o no mercado de trabalho, atrav\u00e9s da qualifica\u00e7\u00e3o e capacita\u00e7\u00e3o dos cidad\u00e3os, realizadas por meio de parcerias com institui\u00e7\u00f5es e indiv\u00edduos formadores de ensino. Segundo o prefeito interino Hingo Hammes, a inten\u00e7\u00e3o \u00e9 capacitar o trabalhador e facilitar a inser\u00e7\u00e3o no mercado de trabalho, seja do jovem ou de quem est\u00e1 em busca de conseguir um novo emprego.<\/p>\n\n\n\n<p>&#8220;A Casa do Trabalhador oferece cursos de qualifica\u00e7\u00e3o, oportunidades de trabalho, cadastro de MEI, carteira de trabalho, al\u00e9m de orienta\u00e7\u00e3o ao jovem aprendiz. Um espa\u00e7o como esse ajuda o jovem no primeiro emprego e tamb\u00e9m na reinser\u00e7\u00e3o no mercado de trabalho. Ser\u00e1 de grande valia para a cidade&#8221;, explica Hingo Hammes, destacando que a unidade ser\u00e1 a primeira na Regi\u00e3o Serrana.<\/p>\n\n\n\n<p>Segundo o Capit\u00e3o Paulo Teixeira, o novo \u00f3rg\u00e3o instalado na cidade, \u201c\u00e9 um espa\u00e7o onde os trabalhadores t\u00eam ajuda do governo estadual e da prefeitura para resolver quest\u00f5es relacionadas a emprego, tais como: buscar vagas, tirar carteira de trabalho, dar entrada no seguro desemprego, al\u00e9m de participar de cursos de requalifica\u00e7\u00e3o profissional\u201d.<\/p>\n\n\n\n<p>Al\u00e9m disso, a Casa do Trabalhador oferece dicas de como montar um curr\u00edculo e de como se preparar para uma entrevista de emprego\/est\u00e1gio\/jovem aprendiz, entre outros. Atualmente, existem quatro unidades da Casa do Trabalhador, sendo tr\u00eas localizadas no munic\u00edpio do Rio de Janeiro, na Ilha do Governador, Manguinhos e Shopping Guadalupe, e uma no munic\u00edpio de Itatiaia.<\/p>\n","protected":false},"excerpt":{"rendered":"<p>O encontro aconteceu por interm\u00e9dio do vereador Eduardo do Blog e contou com a presen\u00e7a<\/p>\n","protected":false},"author":2,"featured_media":9329,"comment_status":"open","ping_status":"open","sticky":false,"template":"","format":"standard","meta":{"footnotes":""},"categories":[12],"tags":[],"class_list":["post-9328","post","type-post","status-publish","format-standard","has-post-thumbnail","hentry","category-cidade"],"_links":{"self":[{"href":"https:\/\/tvc16.com\/portal\/wp-json\/wp\/v2\/posts\/9328","targetHints":{"allow":["GET"]}}],"collection":[{"href":"https:\/\/tvc16.com\/portal\/wp-json\/wp\/v2\/posts"}],"about":[{"href":"https:\/\/tvc16.com\/portal\/wp-json\/wp\/v2\/types\/post"}],"author":[{"embeddable":true,"href":"https:\/\/tvc16.com\/portal\/wp-json\/wp\/v2\/users\/2"}],"replies":[{"embeddable":true,"href":"https:\/\/tvc16.com\/portal\/wp-json\/wp\/v2\/comments?post=9328"}],"version-history":[{"count":1,"href":"https:\/\/tvc16.com\/portal\/wp-json\/wp\/v2\/posts\/9328\/revisions"}],"predecessor-version":[{"id":9330,"href":"https:\/\/tvc16.com\/portal\/wp-json\/wp\/v2\/posts\/9328\/revisions\/9330"}],"wp:featuredmedia":[{"embeddable":true,"href":"https:\/\/tvc16.com\/portal\/wp-json\/wp\/v2\/media\/9329"}],"wp:attachment":[{"href":"https:\/\/tvc16.com\/portal\/wp-json\/wp\/v2\/media?parent=9328"}],"wp:term":[{"taxonomy":"category","embeddable":true,"href":"https:\/\/tvc16.com\/portal\/wp-json\/wp\/v2\/categories?post=9328"},{"taxonomy":"post_tag","embeddable":true,"href":"https:\/\/tvc16.com\/portal\/wp-json\/wp\/v2\/tags?post=9328"}],"curies":[{"name":"wp","href":"https:\/\/api.w.org\/{rel}","templated":true}]}}