{"id":933,"date":"2020-09-22T15:03:00","date_gmt":"2020-09-22T15:03:00","guid":{"rendered":"https:\/\/tvc16.com\/portal\/?p=933"},"modified":"2020-09-22T15:03:00","modified_gmt":"2020-09-22T15:03:00","slug":"caderneta-da-crianca-tem-nova-versao","status":"publish","type":"post","link":"https:\/\/tvc16.com\/portal\/2020\/09\/22\/caderneta-da-crianca-tem-nova-versao\/","title":{"rendered":"Caderneta da crian\u00e7a tem nova vers\u00e3o"},"content":{"rendered":"\n<p>A&nbsp;<em>Caderneta da Crian\u00e7a &#8211; Passaporte da Cidadania (2\u00aa edi\u00e7\u00e3o)<\/em>, vers\u00e3o menino e menina, \u00e9 fruto de um conv\u00eanio de coopera\u00e7\u00e3o do Minist\u00e9rio da Sa\u00fade (MS), atrav\u00e9s da Coordena\u00e7\u00e3o de Sa\u00fade da Crian\u00e7a e Aleitamento Materno (COCAM) e do Departamento de A\u00e7\u00f5es Program\u00e1ticas e Estrat\u00e9gicas (DAPES) da Secretaria de Aten\u00e7\u00e3o Prim\u00e1ria \u00e0 Sa\u00fade (SAPS), com o Instituto Nacional de Sa\u00fade da Mulher, da Crian\u00e7a e do Adolescente Fernandes Figueira (IFF\/Fiocruz), e traz orienta\u00e7\u00f5es sobre: os cuidados com a crian\u00e7a para que ela cres\u00e7a e se desenvolva de forma saud\u00e1vel; os direitos e deveres das crian\u00e7as e dos pais; aleitamento materno; alimenta\u00e7\u00e3o complementar saud\u00e1vel; vacinas; sa\u00fade bucal; marcos do desenvolvimento; consumo; e informa sobre o acesso aos equipamentos e programas sociais e de educa\u00e7\u00e3o.<\/p>\n\n\n\n<p>O MS e o IFF\/Fiocruz esclarecem que no documento \u201cdevem ficar registradas todas as informa\u00e7\u00f5es sobre o atendimento \u00e0 crian\u00e7a nos servi\u00e7os de sa\u00fade, de educa\u00e7\u00e3o e de assist\u00eancia social para o acompanhamento desde o momento do nascimento at\u00e9 os 9 anos de idade. Ao registrarem as informa\u00e7\u00f5es na Caderneta da Crian\u00e7a, os profissionais compartilham esses dados com a fam\u00edlia e facilitam a integra\u00e7\u00e3o das a\u00e7\u00f5es sociais\u201d. O documento refor\u00e7a tamb\u00e9m a import\u00e2ncia da parceria entre os pais, a comunidade e os profissionais de sa\u00fade, de educa\u00e7\u00e3o e de assist\u00eancia social para cuidar da crian\u00e7a, educar e promover sua sa\u00fade e seu desenvolvimento integral.<\/p>\n\n\n\n<p>Financiado pelo Fundo Nacional de Sa\u00fade (FNS\/MS), o projeto da nova vers\u00e3o da Caderneta foi coordenado pela pesquisadora do IFF\/Fiocruz Maria Virg\u00ednia Marques Peixoto. \u201cA equipe do projeto ouviu cerca de quatro&nbsp;mil m\u00e3es e v\u00e1rios trabalhadores da Estrat\u00e9gia de Sa\u00fade da Fam\u00edlia para compreender como entendiam a fun\u00e7\u00e3o e os objetivos da Caderneta em rela\u00e7\u00e3o ao desenvolvimento infantil. Ent\u00e3o, a revis\u00e3o e elabora\u00e7\u00e3o passou por etapas como consulta p\u00fablica, comit\u00eas de valida\u00e7\u00e3o, semin\u00e1rios para a discuss\u00e3o de resultados e estrat\u00e9gias de utiliza\u00e7\u00e3o\u201d, conta Virg\u00ednia, que descreve a experi\u00eancia como \u00edmpar dentro da Aten\u00e7\u00e3o Prim\u00e1ria e da rede do Sistema \u00danico de Sa\u00fade (SUS).<\/p>\n\n\n\n<p>Sobre a reformula\u00e7\u00e3o da Caderneta, Virg\u00ednia ressalta a transforma\u00e7\u00e3o do conte\u00fado, incluindo novos temas como o cuidado com o beb\u00ea prematuro, uso de eletr\u00f4nicos e consumo, e da abordagem gr\u00e1fica, que conta com a designer do IFF\/Fiocruz Fernanda Canalonga Cal\u00e7ada na equipe de diagrama\u00e7\u00e3o, para favorecer e estimular a parceria de m\u00e3es e cuidadores na promo\u00e7\u00e3o da sa\u00fade e acompanhamento do desenvolvimento infantil. \u201cBuscamos fazer um projeto gr\u00e1fico com textos e ilustra\u00e7\u00f5es que favorecessem esse protagonismo da caderneta como um instrumento que pertence \u00e0 fam\u00edlia e aos cuidadores. Assim, diminu\u00edmos as caracter\u00edsticas prescritivas do texto anterior, aumentando o di\u00e1logo e empoderando fam\u00edlia e cuidadores\u201d, disse ela, que tamb\u00e9m comenta sobre a amplia\u00e7\u00e3o no preenchimento da Caderneta. \u201cAs pesquisas que correram ao longo da elabora\u00e7\u00e3o da nova edi\u00e7\u00e3o permitiram reorientar seu preenchimento, anteriormente restrito aos pediatras ou enfermeiras que fazem as consultas de Crescimento e Desenvolvimento na Estrat\u00e9gia de Sa\u00fade da Fam\u00edlia. Ampliou-se a compreens\u00e3o, entendendo que a caderneta deve ser utilizada principalmente pelos trabalhadores de sa\u00fade que mais convivem com a fam\u00edlia, como os agentes de sa\u00fade, que fazem a visita domiciliar, e por t\u00e9cnicos e auxiliares de enfermagem, respons\u00e1veis pela vacina\u00e7\u00e3o\u201d.<\/p>\n\n\n\n<p>Para a coordenadora de A\u00e7\u00f5es Nacionais e de Coopera\u00e7\u00e3o do IFF\/Fiocruz, Maria Gomes, a Caderneta da Crian\u00e7a \u00e9 um instrumento central para a aten\u00e7\u00e3o integral \u00e0 sa\u00fade infantil. \u201cEla possibilita que as a\u00e7\u00f5es de promo\u00e7\u00e3o e prote\u00e7\u00e3o do crescimento e desenvolvimento, assim como as demais a\u00e7\u00f5es previstas nos eixos da Pol\u00edtica Nacional de Aten\u00e7\u00e3o Integral \u00e0 Sa\u00fade da Crian\u00e7a (PNAISC), sejam implementadas, fortalecidas e potencializadas. Por meio da Caderneta, informa\u00e7\u00f5es fundamentais para a qualidade e seguran\u00e7a do cuidado est\u00e3o dispon\u00edveis para a fam\u00edlia e para as equipes de sa\u00fade. Sem a Caderneta dispon\u00edvel, preenchida e efetivamente utilizada, n\u00e3o h\u00e1 garantia da continuidade do cuidado entre diferentes pontos de aten\u00e7\u00e3o, estrat\u00e9gia fundamental para a melhoria dos indicadores de sa\u00fade infantil\u201d, alega ela.<\/p>\n\n\n\n<p>Maria Gomes tamb\u00e9m destaca a atua\u00e7\u00e3o do Instituto na constru\u00e7\u00e3o do documento. \u201cO IFF\/Fiocruz, por meio de suas a\u00e7\u00f5es nacionais de apoio \u00e0 Coordena\u00e7\u00e3o de Sa\u00fade da Crian\u00e7a e Aleitamento Materno &#8211; COCAM\/DAPES\/SAPS e das a\u00e7\u00f5es de pesquisa e educa\u00e7\u00e3o tem papel estrat\u00e9gico nos esfor\u00e7os para atualiza\u00e7\u00e3o da Caderneta, bem como nas a\u00e7\u00f5es de implementa\u00e7\u00e3o e avalia\u00e7\u00e3o dessa ferramenta fundamental para que as crian\u00e7as tenham garantido seu direito \u00e0 sa\u00fade e ao pleno desenvolvimento em nosso pa\u00eds\u201d, afirma ela.<\/p>\n\n\n\n<p>Por: Everton Lima (IFF\/Fiocruz)<\/p>\n","protected":false},"excerpt":{"rendered":"<p>A&nbsp;Caderneta da Crian\u00e7a &#8211; Passaporte da Cidadania (2\u00aa edi\u00e7\u00e3o), vers\u00e3o menino e menina, \u00e9 fruto<\/p>\n","protected":false},"author":2,"featured_media":934,"comment_status":"open","ping_status":"open","sticky":false,"template":"","format":"standard","meta":{"footnotes":""},"categories":[13],"tags":[],"class_list":["post-933","post","type-post","status-publish","format-standard","has-post-thumbnail","hentry","category-saude"],"_links":{"self":[{"href":"https:\/\/tvc16.com\/portal\/wp-json\/wp\/v2\/posts\/933","targetHints":{"allow":["GET"]}}],"collection":[{"href":"https:\/\/tvc16.com\/portal\/wp-json\/wp\/v2\/posts"}],"about":[{"href":"https:\/\/tvc16.com\/portal\/wp-json\/wp\/v2\/types\/post"}],"author":[{"embeddable":true,"href":"https:\/\/tvc16.com\/portal\/wp-json\/wp\/v2\/users\/2"}],"replies":[{"embeddable":true,"href":"https:\/\/tvc16.com\/portal\/wp-json\/wp\/v2\/comments?post=933"}],"version-history":[{"count":1,"href":"https:\/\/tvc16.com\/portal\/wp-json\/wp\/v2\/posts\/933\/revisions"}],"predecessor-version":[{"id":935,"href":"https:\/\/tvc16.com\/portal\/wp-json\/wp\/v2\/posts\/933\/revisions\/935"}],"wp:featuredmedia":[{"embeddable":true,"href":"https:\/\/tvc16.com\/portal\/wp-json\/wp\/v2\/media\/934"}],"wp:attachment":[{"href":"https:\/\/tvc16.com\/portal\/wp-json\/wp\/v2\/media?parent=933"}],"wp:term":[{"taxonomy":"category","embeddable":true,"href":"https:\/\/tvc16.com\/portal\/wp-json\/wp\/v2\/categories?post=933"},{"taxonomy":"post_tag","embeddable":true,"href":"https:\/\/tvc16.com\/portal\/wp-json\/wp\/v2\/tags?post=933"}],"curies":[{"name":"wp","href":"https:\/\/api.w.org\/{rel}","templated":true}]}}