{"id":9337,"date":"2021-01-07T13:58:59","date_gmt":"2021-01-07T16:58:59","guid":{"rendered":"https:\/\/tvc16.com\/portal\/?p=9337"},"modified":"2021-01-07T14:04:36","modified_gmt":"2021-01-07T17:04:36","slug":"sirenes-voltam-a-informar-sobre-a-possibilidade-de-chuvas-fortes-defesa-civil-volta-a-adotar-avisos-para-alertar-as-comunidades-sobre-a-previsao-de-temporais","status":"publish","type":"post","link":"https:\/\/tvc16.com\/portal\/2021\/01\/07\/sirenes-voltam-a-informar-sobre-a-possibilidade-de-chuvas-fortes-defesa-civil-volta-a-adotar-avisos-para-alertar-as-comunidades-sobre-a-previsao-de-temporais\/","title":{"rendered":"Sirenes voltam a informar sobre a possibilidade de chuvas fortes. Defesa Civil volta a adotar avisos para alertar as comunidades sobre a previs\u00e3o de temporais"},"content":{"rendered":"\n<p><\/p>\n\n\n\n<p>As sirenes de Petr\u00f3polis voltaram a informar a popula\u00e7\u00e3o sobre a previs\u00e3o de temporais. Os equipamentos tocaram ontem (06\/01) alertando as comunidades sobre a possibilidade de chuvas fortes. O objetivo \u00e9 deixar os moradores atentos e caso a tempestade aconte\u00e7a, eles estejam preparados para seguirem para os pontos de apoio.<\/p>\n\n\n\n<p>Com essa primeira mensagem informativa, n\u00e3o \u00e9 necess\u00e1rio, no primeiro momento, que os moradores saiam de casa. \u201cA popula\u00e7\u00e3o precisa estar ciente sobre a possibilidade de chuva e atenta caso seja necess\u00e1rio sair de casa. O sistema vai operar em tr\u00eas est\u00e1gios e a primeira mensagem passa a ser apenas preventiva\u201d, explica o prefeito interino Hingo Hammes.<\/p>\n\n\n\n<p>Dessa forma, as sirenes passam a usar tr\u00eas sinais sonoros. O primeiro \u00e9 uma mensagem preventiva, alertando sobre a previs\u00e3o. Com a chuva forte, o segundo sinal \u00e9 de mobiliza\u00e7\u00e3o para que os moradores procurem locais seguros ou pontos de apoio. Quando n\u00e3o h\u00e1 mais risco potencial para os moradores, soa a terceira sirene para desmobiliza\u00e7\u00e3o.<\/p>\n\n\n\n<p>No munic\u00edpio, s\u00e3o 20 conjuntos de sirenes em 12 bairros: Gentio, Buraco do Sapo, 24 de Maio, Alto da Serra, Bingen, Dr. Thouzet, Independ\u00eancia, Quitandinha, S\u00e3o Sebasti\u00e3o, Sargento Boening, Sim\u00e9ria e Vila Felipe. Todas elas est\u00e3o funcionando nestes tr\u00eas est\u00e1gios.<\/p>\n\n\n\n<p>\u201cO toque de mobiliza\u00e7\u00e3o, ou seja, quando as pessoas devem se deslocar para os pontos de apoio, s\u00f3 \u00e9 dado quando a chuva atinge um \u00edndice relacionando chuva acumulada x chuva hor\u00e1ria. \u00c9 o segundo est\u00e1gio do sistema. Os moradores precisam estar atentos para o que a mensagem da sirene est\u00e1 dizendo\u201d, explica o secret\u00e1rio de Defesa Civil e A\u00e7\u00f5es Volunt\u00e1rias, tenente-coronel Gil Kempers.<\/p>\n\n\n\n<p><\/p>\n\n\n\n<figure class=\"wp-block-image size-large\"><img loading=\"lazy\" decoding=\"async\" width=\"576\" height=\"1024\" src=\"https:\/\/tvc16.com\/portal\/wp-content\/uploads\/2021\/01\/IMG-20210107-WA0021-576x1024.jpg\" alt=\"\" class=\"wp-image-9338\" srcset=\"https:\/\/tvc16.com\/portal\/wp-content\/uploads\/2021\/01\/IMG-20210107-WA0021-576x1024.jpg 576w, https:\/\/tvc16.com\/portal\/wp-content\/uploads\/2021\/01\/IMG-20210107-WA0021-169x300.jpg 169w, https:\/\/tvc16.com\/portal\/wp-content\/uploads\/2021\/01\/IMG-20210107-WA0021.jpg 720w\" sizes=\"auto, (max-width: 576px) 100vw, 576px\" \/><figcaption>Tenente Coronel Gil Kempers <\/figcaption><\/figure>\n\n\n\n<p><\/p>\n","protected":false},"excerpt":{"rendered":"<p>As sirenes de Petr\u00f3polis voltaram a informar a popula\u00e7\u00e3o sobre a previs\u00e3o de temporais. Os<\/p>\n","protected":false},"author":2,"featured_media":9344,"comment_status":"open","ping_status":"open","sticky":false,"template":"","format":"standard","meta":{"footnotes":""},"categories":[12],"tags":[],"class_list":["post-9337","post","type-post","status-publish","format-standard","has-post-thumbnail","hentry","category-cidade"],"_links":{"self":[{"href":"https:\/\/tvc16.com\/portal\/wp-json\/wp\/v2\/posts\/9337","targetHints":{"allow":["GET"]}}],"collection":[{"href":"https:\/\/tvc16.com\/portal\/wp-json\/wp\/v2\/posts"}],"about":[{"href":"https:\/\/tvc16.com\/portal\/wp-json\/wp\/v2\/types\/post"}],"author":[{"embeddable":true,"href":"https:\/\/tvc16.com\/portal\/wp-json\/wp\/v2\/users\/2"}],"replies":[{"embeddable":true,"href":"https:\/\/tvc16.com\/portal\/wp-json\/wp\/v2\/comments?post=9337"}],"version-history":[{"count":1,"href":"https:\/\/tvc16.com\/portal\/wp-json\/wp\/v2\/posts\/9337\/revisions"}],"predecessor-version":[{"id":9340,"href":"https:\/\/tvc16.com\/portal\/wp-json\/wp\/v2\/posts\/9337\/revisions\/9340"}],"wp:featuredmedia":[{"embeddable":true,"href":"https:\/\/tvc16.com\/portal\/wp-json\/wp\/v2\/media\/9344"}],"wp:attachment":[{"href":"https:\/\/tvc16.com\/portal\/wp-json\/wp\/v2\/media?parent=9337"}],"wp:term":[{"taxonomy":"category","embeddable":true,"href":"https:\/\/tvc16.com\/portal\/wp-json\/wp\/v2\/categories?post=9337"},{"taxonomy":"post_tag","embeddable":true,"href":"https:\/\/tvc16.com\/portal\/wp-json\/wp\/v2\/tags?post=9337"}],"curies":[{"name":"wp","href":"https:\/\/api.w.org\/{rel}","templated":true}]}}