{"id":9351,"date":"2021-01-07T18:58:37","date_gmt":"2021-01-07T21:58:37","guid":{"rendered":"https:\/\/tvc16.com\/portal\/?p=9351"},"modified":"2021-01-07T18:58:40","modified_gmt":"2021-01-07T21:58:40","slug":"criacao-da-comissao-para-a-revisao-do-contrato-com-a-empresa-sinal-park-foi-aprovada-por-unanimidade-o-contrato-foi-prorrogado-no-mes-de-dezembro-por-mais-10-anos","status":"publish","type":"post","link":"https:\/\/tvc16.com\/portal\/2021\/01\/07\/criacao-da-comissao-para-a-revisao-do-contrato-com-a-empresa-sinal-park-foi-aprovada-por-unanimidade-o-contrato-foi-prorrogado-no-mes-de-dezembro-por-mais-10-anos\/","title":{"rendered":"Cria\u00e7\u00e3o da comiss\u00e3o para a revis\u00e3o do contrato com a empresa Sinal Park foi aprovada por unanimidade. O contrato foi prorrogado no m\u00eas de dezembro por mais 10 anos"},"content":{"rendered":"\n<p>A iniciativa da cria\u00e7\u00e3o partiu do presidente interino do Poder Legislativo, vereador Fred Proc\u00f3pio (PL). Para Fred Proc\u00f3pio, a cria\u00e7\u00e3o da comiss\u00e3o representa uma medida urgente. <\/p>\n\n\n\n<p>\u201cA cria\u00e7\u00e3o dessa comiss\u00e3o na primeira sess\u00e3o da legislatura demonstra a preocupa\u00e7\u00e3o de todos n\u00f3s vereadores em dar uma resposta mais contundente e mais c\u00e9lere \u00e0s demandas que a sociedade nos apresenta. O contrato com a Sinal Park foi a\u00e7\u00e3o de final de governo que nos causou uma certa estranheza, e decidimos rever esse procedimento\u201d, disse o vereador, que aproveitou para agradecer \u00e0 Mesa Diretora e a todos os vereadores que aprovaram a urg\u00eancia do requerimento e come\u00e7am o ano de 2021 com toda essa densidade. \u00a0\u00a0<\/p>\n\n\n\n<p>A cria\u00e7\u00e3o da comiss\u00e3o para a revis\u00e3o do contrato com a empresa Sinal Park foi aprovada por unanimidade.<\/p>\n","protected":false},"excerpt":{"rendered":"<p>A iniciativa da cria\u00e7\u00e3o partiu do presidente interino do Poder Legislativo, vereador Fred Proc\u00f3pio (PL).<\/p>\n","protected":false},"author":2,"featured_media":9352,"comment_status":"open","ping_status":"open","sticky":false,"template":"","format":"standard","meta":{"footnotes":""},"categories":[12],"tags":[],"class_list":["post-9351","post","type-post","status-publish","format-standard","has-post-thumbnail","hentry","category-cidade"],"_links":{"self":[{"href":"https:\/\/tvc16.com\/portal\/wp-json\/wp\/v2\/posts\/9351","targetHints":{"allow":["GET"]}}],"collection":[{"href":"https:\/\/tvc16.com\/portal\/wp-json\/wp\/v2\/posts"}],"about":[{"href":"https:\/\/tvc16.com\/portal\/wp-json\/wp\/v2\/types\/post"}],"author":[{"embeddable":true,"href":"https:\/\/tvc16.com\/portal\/wp-json\/wp\/v2\/users\/2"}],"replies":[{"embeddable":true,"href":"https:\/\/tvc16.com\/portal\/wp-json\/wp\/v2\/comments?post=9351"}],"version-history":[{"count":1,"href":"https:\/\/tvc16.com\/portal\/wp-json\/wp\/v2\/posts\/9351\/revisions"}],"predecessor-version":[{"id":9353,"href":"https:\/\/tvc16.com\/portal\/wp-json\/wp\/v2\/posts\/9351\/revisions\/9353"}],"wp:featuredmedia":[{"embeddable":true,"href":"https:\/\/tvc16.com\/portal\/wp-json\/wp\/v2\/media\/9352"}],"wp:attachment":[{"href":"https:\/\/tvc16.com\/portal\/wp-json\/wp\/v2\/media?parent=9351"}],"wp:term":[{"taxonomy":"category","embeddable":true,"href":"https:\/\/tvc16.com\/portal\/wp-json\/wp\/v2\/categories?post=9351"},{"taxonomy":"post_tag","embeddable":true,"href":"https:\/\/tvc16.com\/portal\/wp-json\/wp\/v2\/tags?post=9351"}],"curies":[{"name":"wp","href":"https:\/\/api.w.org\/{rel}","templated":true}]}}