{"id":9354,"date":"2021-01-07T19:04:10","date_gmt":"2021-01-07T22:04:10","guid":{"rendered":"https:\/\/tvc16.com\/portal\/?p=9354"},"modified":"2021-01-07T19:04:13","modified_gmt":"2021-01-07T22:04:13","slug":"a-camara-municipal-publicou-hoje-a-portaria-administrativa-002-2021-que-renova-ate-31-de-janeiro-os-protocolos-de-seguranca-em-relacao-ao-combate-a-covid-19-e-a-prevencao-de-contagio-de-servidores-p","status":"publish","type":"post","link":"https:\/\/tvc16.com\/portal\/2021\/01\/07\/a-camara-municipal-publicou-hoje-a-portaria-administrativa-002-2021-que-renova-ate-31-de-janeiro-os-protocolos-de-seguranca-em-relacao-ao-combate-a-covid-19-e-a-prevencao-de-contagio-de-servidores-p\/","title":{"rendered":"A C\u00e2mara Municipal publicou hoje a Portaria Administrativa 002\/2021 que renova, at\u00e9 31 de janeiro, os protocolos de seguran\u00e7a em rela\u00e7\u00e3o ao combate \u00e0 COVID-19 e \u00e0 preven\u00e7\u00e3o de cont\u00e1gio de servidores p\u00fablicos"},"content":{"rendered":"\n<p>A Casa mant\u00e9m a medi\u00e7\u00e3o de temperatura de quem entra no Pal\u00e1cio Amarelo, o uso obrigat\u00f3rio de m\u00e1scaras, a disponibiliza\u00e7\u00e3o e orienta\u00e7\u00e3o quanto ao uso de \u00e1lcool em gel, al\u00e9m do distanciamento entre as equipes com a organiza\u00e7\u00e3o do trabalho por turnos, em hor\u00e1rio de funcionamento que vai de segunda a sexta-feira das 9h \u00e0s 18h.<\/p>\n\n\n\n<p>Os gabinetes dos vereadores e os departamentos administrativos est\u00e3o funcionando em sistema de revezamento, com no m\u00e1ximo quatro pessoas trabalhando ao mesmo tempo, em dois turnos. Os funcion\u00e1rios dos grupos de risco como aqueles com idade superior a 60 anos, foram dispensados do trabalho presencial, atuando em sistema home-office.<\/p>\n\n\n\n<p>As sess\u00f5es plen\u00e1rias s\u00e3o presenciais e a C\u00e2mara Municipal est\u00e1 aberta \u00e0 popula\u00e7\u00e3o com limite de 30% da capacidade tanto para atendimentos, quanto para assistir \u00e0s sess\u00f5es pessoalmente. No entanto, para quem desejar assistir as sess\u00f5es \u00e0 dist\u00e2ncia, elas s\u00e3o transmitidas pelo canal 98 na TV local, pelo site da C\u00e2mara (basta clicar no bot\u00e3o TV C\u00e2mara no menu direito), pelo Facebook e pelo Youtube.<\/p>\n","protected":false},"excerpt":{"rendered":"<p>A Casa mant\u00e9m a medi\u00e7\u00e3o de temperatura de quem entra no Pal\u00e1cio Amarelo, o uso<\/p>\n","protected":false},"author":2,"featured_media":9355,"comment_status":"open","ping_status":"open","sticky":false,"template":"","format":"standard","meta":{"footnotes":""},"categories":[12],"tags":[],"class_list":["post-9354","post","type-post","status-publish","format-standard","has-post-thumbnail","hentry","category-cidade"],"_links":{"self":[{"href":"https:\/\/tvc16.com\/portal\/wp-json\/wp\/v2\/posts\/9354","targetHints":{"allow":["GET"]}}],"collection":[{"href":"https:\/\/tvc16.com\/portal\/wp-json\/wp\/v2\/posts"}],"about":[{"href":"https:\/\/tvc16.com\/portal\/wp-json\/wp\/v2\/types\/post"}],"author":[{"embeddable":true,"href":"https:\/\/tvc16.com\/portal\/wp-json\/wp\/v2\/users\/2"}],"replies":[{"embeddable":true,"href":"https:\/\/tvc16.com\/portal\/wp-json\/wp\/v2\/comments?post=9354"}],"version-history":[{"count":1,"href":"https:\/\/tvc16.com\/portal\/wp-json\/wp\/v2\/posts\/9354\/revisions"}],"predecessor-version":[{"id":9356,"href":"https:\/\/tvc16.com\/portal\/wp-json\/wp\/v2\/posts\/9354\/revisions\/9356"}],"wp:featuredmedia":[{"embeddable":true,"href":"https:\/\/tvc16.com\/portal\/wp-json\/wp\/v2\/media\/9355"}],"wp:attachment":[{"href":"https:\/\/tvc16.com\/portal\/wp-json\/wp\/v2\/media?parent=9354"}],"wp:term":[{"taxonomy":"category","embeddable":true,"href":"https:\/\/tvc16.com\/portal\/wp-json\/wp\/v2\/categories?post=9354"},{"taxonomy":"post_tag","embeddable":true,"href":"https:\/\/tvc16.com\/portal\/wp-json\/wp\/v2\/tags?post=9354"}],"curies":[{"name":"wp","href":"https:\/\/api.w.org\/{rel}","templated":true}]}}