{"id":936,"date":"2020-09-22T15:06:35","date_gmt":"2020-09-22T15:06:35","guid":{"rendered":"https:\/\/tvc16.com\/portal\/?p=936"},"modified":"2020-09-22T15:09:09","modified_gmt":"2020-09-22T15:09:09","slug":"profissionais-de-saude-do-rj-podem-participar-dos-testes-da-vacina-coronavac","status":"publish","type":"post","link":"https:\/\/tvc16.com\/portal\/2020\/09\/22\/profissionais-de-saude-do-rj-podem-participar-dos-testes-da-vacina-coronavac\/","title":{"rendered":"Profissionais de sa\u00fade do RJ podem participar dos testes da vacina Coronavac"},"content":{"rendered":"\n<p>Os profissionais de sa\u00fade do Rio de Janeiro que atuam na linha de frente no combate \u00e0 Covid-19 ainda podem se candidatar a participar dos testes da vacina Coronavac. Os candidatos devem, obrigatoriamente, atuar no cuidado direto de pacientes com Covid-19. Para se inscrever, basta enviar e-mail para&nbsp;<a href=\"mailto:vacinacovid19vitalbrasil@gmail.com\"><strong>vacinacovid19vitalbrasil@gmail.com<\/strong><\/a>.<\/p>\n\n\n\n<p>O ensaio cl\u00ednico de fase 3 tem como objetivo avaliar a efic\u00e1cia e a seguran\u00e7a da vacina produzida pela farmac\u00eautica Sinovac Biotech. Em todo o Brasil o estudo \u00e9 coordenado pelo Instituto Butantan e o centro de pesquisa do Rio de Janeiro \u00e9 de responsabilidade da Funda\u00e7\u00e3o Oswaldo Cruz (Fiocruz), sob coordena\u00e7\u00e3o do m\u00e9dico infectologista e pesquisador Andr\u00e9 Siqueira. O estudo tamb\u00e9m conta com parceria da Funda\u00e7\u00e3o Municipal de Sa\u00fade de Niter\u00f3i.&nbsp;<\/p>\n\n\n\n<p>A expectativa \u00e9 recrutar cerca de 850 volunt\u00e1rios em todo o estado do Rio de Janeiro, os quais far\u00e3o aplica\u00e7\u00e3o de duas doses da vacina (com intervalo de 15 dias) e acompanhamento em Niter\u00f3i, na Policl\u00ednica Dr S\u00e9rgio Arouca. \u201cAinda precisamos de mais volunt\u00e1rios. Os participantes podem ser moradores de qualquer munic\u00edpio do Rio de Janeiro\u201d, destacou Siqueira.&nbsp;<\/p>\n\n\n\n<p>A vacina da Sinovac utiliza o v\u00edrus inativado, ou seja, que n\u00e3o tem capacidade de se replicar. Outras vacinas j\u00e1 bastante conhecidas no mercado utilizam o mesmo m\u00e9todo, como as vacinas contra gripe e difteria e t\u00e9tano.&nbsp;<\/p>\n\n\n\n<p>\u201cSeguimos uma legisla\u00e7\u00e3o de pesquisa cl\u00ednica rigorosa, que assegura todos os direitos e a seguran\u00e7a dos participantes. Essas pessoas est\u00e3o contribuindo para o avan\u00e7o do conhecimento cient\u00edfico, com a perspectiva de que tenhamos uma vacina que possa ser aplicada ao p\u00fablico de forma ampla\u201d, Siqueira. Todas as d\u00favidas dos interessados em participar do estudo ser\u00e3o esclarecidas pela equipe de pesquisa.&nbsp;<\/p>\n\n\n\n<p>Para fazer parte do estudo \u00e9 necess\u00e1rio ficar atento aos crit\u00e9rios de inclus\u00e3o. Veja abaixo as principais exig\u00eancias: &nbsp;<\/p>\n\n\n\n<p>&#8211;&nbsp;&nbsp; &nbsp;Idade entre 18 a 59 anos;&nbsp;<br>&#8211;&nbsp;&nbsp; &nbsp;Profissional de sa\u00fade atuando na linha de frente da Covid-19 (trabalhando diretamente no atendimento e\/ou testagem de pacientes infectados pela doen\u00e7a);<br>&#8211;&nbsp;&nbsp; &nbsp;N\u00e3o ter sido contaminado pelo novo coronav\u00edrus previamente;&nbsp;<br>&#8211;&nbsp;&nbsp; &nbsp;N\u00e3o participar de outros estudos cl\u00ednicos;&nbsp;<br>&#8211;&nbsp;&nbsp; &nbsp;N\u00e3o estar gr\u00e1vida ou ter inten\u00e7\u00e3o de engravidar nos pr\u00f3ximos meses;&nbsp;<br>&#8211;&nbsp;&nbsp; &nbsp;N\u00e3o apresentar doen\u00e7as cr\u00f4nicas n\u00e3o-controlada;<br>&#8211;&nbsp;&nbsp; &nbsp;Ter registro ativo no conselho profissional de seu of\u00edcio.&nbsp;<\/p>\n\n\n\n<p><strong>Inscri\u00e7\u00f5es<\/strong><\/p>\n\n\n\n<p>O atendimento \u00e9 realizado apenas com hora marcada. Os interessados devem enviar e-mail para\u00a0<a href=\"mailto:vacinacovid19vitalbrasil@gmail.com\"><strong>vacinacovid19vitalbrasil@gmail.com<\/strong><\/a>\u00a0incluindo nome completo, telefone para contato, ocupa\u00e7\u00e3o e institui\u00e7\u00e3o. Posteriormente, ser\u00e1 necess\u00e1rio apresentar registro profissional e crach\u00e1 ou holerite da institui\u00e7\u00e3o na qual trabalha.\u00a0<\/p>\n\n\n\n<p>Por: Carolina Soares\/Fiocruz<\/p>\n","protected":false},"excerpt":{"rendered":"<p>Os profissionais de sa\u00fade do Rio de Janeiro que atuam na linha de frente no<\/p>\n","protected":false},"author":2,"featured_media":877,"comment_status":"open","ping_status":"open","sticky":false,"template":"","format":"standard","meta":{"footnotes":""},"categories":[13],"tags":[],"class_list":["post-936","post","type-post","status-publish","format-standard","has-post-thumbnail","hentry","category-saude"],"_links":{"self":[{"href":"https:\/\/tvc16.com\/portal\/wp-json\/wp\/v2\/posts\/936","targetHints":{"allow":["GET"]}}],"collection":[{"href":"https:\/\/tvc16.com\/portal\/wp-json\/wp\/v2\/posts"}],"about":[{"href":"https:\/\/tvc16.com\/portal\/wp-json\/wp\/v2\/types\/post"}],"author":[{"embeddable":true,"href":"https:\/\/tvc16.com\/portal\/wp-json\/wp\/v2\/users\/2"}],"replies":[{"embeddable":true,"href":"https:\/\/tvc16.com\/portal\/wp-json\/wp\/v2\/comments?post=936"}],"version-history":[{"count":1,"href":"https:\/\/tvc16.com\/portal\/wp-json\/wp\/v2\/posts\/936\/revisions"}],"predecessor-version":[{"id":938,"href":"https:\/\/tvc16.com\/portal\/wp-json\/wp\/v2\/posts\/936\/revisions\/938"}],"wp:featuredmedia":[{"embeddable":true,"href":"https:\/\/tvc16.com\/portal\/wp-json\/wp\/v2\/media\/877"}],"wp:attachment":[{"href":"https:\/\/tvc16.com\/portal\/wp-json\/wp\/v2\/media?parent=936"}],"wp:term":[{"taxonomy":"category","embeddable":true,"href":"https:\/\/tvc16.com\/portal\/wp-json\/wp\/v2\/categories?post=936"},{"taxonomy":"post_tag","embeddable":true,"href":"https:\/\/tvc16.com\/portal\/wp-json\/wp\/v2\/tags?post=936"}],"curies":[{"name":"wp","href":"https:\/\/api.w.org\/{rel}","templated":true}]}}