{"id":9360,"date":"2021-01-08T11:22:45","date_gmt":"2021-01-08T14:22:45","guid":{"rendered":"https:\/\/tvc16.com\/portal\/?p=9360"},"modified":"2021-01-08T11:22:48","modified_gmt":"2021-01-08T14:22:48","slug":"senac-petropolis-abre-suas-portas-na-proxima-segunda-dia-11-e-senac-nova-friburgo-no-dia-18-com-ofertas-de-novas-turmas-nas-areas-de-beleza-gastronomia-decoracao-informatica-e-fotografia","status":"publish","type":"post","link":"https:\/\/tvc16.com\/portal\/2021\/01\/08\/senac-petropolis-abre-suas-portas-na-proxima-segunda-dia-11-e-senac-nova-friburgo-no-dia-18-com-ofertas-de-novas-turmas-nas-areas-de-beleza-gastronomia-decoracao-informatica-e-fotografia\/","title":{"rendered":"Senac Petr\u00f3polis abre suas portas na pr\u00f3xima segunda, dia 11, e Senac Nova Friburgo, no dia 18, com ofertas de novas turmas nas \u00e1reas de beleza, gastronomia, decora\u00e7\u00e3o, inform\u00e1tica e fotografia"},"content":{"rendered":"\n<p>Ap\u00f3s a reabertura, em novembro, de unidades da regi\u00e3o metropolitana do Rio, o&nbsp;<strong>Senac RJ<\/strong>&nbsp;abre suas portas no interior do estado.&nbsp;<strong>Petr\u00f3polis&nbsp;<\/strong>e<strong>&nbsp;Nova Friburgo<\/strong>&nbsp;reiniciam suas opera\u00e7\u00f5es nas pr\u00f3ximas duas segundas-feiras,&nbsp;<strong>dias 11 e 18 de janeiro, respectivamente<\/strong>. As duas unidades, que estavam com as atividades suspensas desde mar\u00e7o de 2020 devido \u00e0 pandemia, retornam o atendimento respeitando todas as regras e protocolos sanit\u00e1rios vigentes. As matr\u00edculas ser\u00e3o realizadas diretamente nas localidades. Mais informa\u00e7\u00f5es podem ser obtidas diretamente nos estabelecimentos de ensino ou pelo site&nbsp;<a rel=\"noreferrer noopener\" target=\"_blank\" href=\"http:\/\/www.rj.senac.br\">www.rj.senac.br<\/a>.<\/p>\n\n\n\n<p>As unidades retornam \u00e0s suas atividades com ofertas de novas turmas em \u00e1reas como beleza, gastronomia, decora\u00e7\u00e3o, inform\u00e1tica e fotografia. Em&nbsp;<strong>Petr\u00f3polis<\/strong>, ser\u00e3o disponibilizadas vagas para os cursos de&nbsp;<strong>Design de Sobrancelhas, Bases de Confeitaria, Preparo de P\u00e3es Tradicionais&nbsp;<\/strong>e<strong>&nbsp;Alongamento de C\u00edlios.&nbsp;<\/strong>J\u00e1&nbsp;<strong>Nova Friburgo<\/strong>&nbsp;receber\u00e1 inscri\u00e7\u00f5es para cursos de&nbsp;<strong>Micropigmentador, Decora\u00e7\u00e3o B\u00e1sica de Interiores, Inform\u00e1tica B\u00e1sica, Design de Sobrancelhas, Introdu\u00e7\u00e3o \u00e0 Fotografia Digital, Introdu\u00e7\u00e3o ao Paisagismo e Organiza\u00e7\u00e3o de Espa\u00e7os Residenciais.<\/strong><\/p>\n\n\n\n<p>Al\u00e9m das novas turmas, os alunos do Senac RJ matriculados nas duas unidades em cursos que tiveram as aulas suspensas durante o per\u00edodo de isolamento social, prosseguir\u00e3o suas aulas presenciais de forma gradativa. Todas as salas de aulas e ambientes internos seguir\u00e3o medidas de distanciamento, desinfec\u00e7\u00e3o e limpeza, para resguardar a sa\u00fade de alunos e colaboradores.<\/p>\n","protected":false},"excerpt":{"rendered":"<p>Ap\u00f3s a reabertura, em novembro, de unidades da regi\u00e3o metropolitana do Rio, o&nbsp;Senac RJ&nbsp;abre suas<\/p>\n","protected":false},"author":2,"featured_media":9361,"comment_status":"open","ping_status":"open","sticky":false,"template":"","format":"standard","meta":{"footnotes":""},"categories":[12],"tags":[],"class_list":["post-9360","post","type-post","status-publish","format-standard","has-post-thumbnail","hentry","category-cidade"],"_links":{"self":[{"href":"https:\/\/tvc16.com\/portal\/wp-json\/wp\/v2\/posts\/9360","targetHints":{"allow":["GET"]}}],"collection":[{"href":"https:\/\/tvc16.com\/portal\/wp-json\/wp\/v2\/posts"}],"about":[{"href":"https:\/\/tvc16.com\/portal\/wp-json\/wp\/v2\/types\/post"}],"author":[{"embeddable":true,"href":"https:\/\/tvc16.com\/portal\/wp-json\/wp\/v2\/users\/2"}],"replies":[{"embeddable":true,"href":"https:\/\/tvc16.com\/portal\/wp-json\/wp\/v2\/comments?post=9360"}],"version-history":[{"count":1,"href":"https:\/\/tvc16.com\/portal\/wp-json\/wp\/v2\/posts\/9360\/revisions"}],"predecessor-version":[{"id":9362,"href":"https:\/\/tvc16.com\/portal\/wp-json\/wp\/v2\/posts\/9360\/revisions\/9362"}],"wp:featuredmedia":[{"embeddable":true,"href":"https:\/\/tvc16.com\/portal\/wp-json\/wp\/v2\/media\/9361"}],"wp:attachment":[{"href":"https:\/\/tvc16.com\/portal\/wp-json\/wp\/v2\/media?parent=9360"}],"wp:term":[{"taxonomy":"category","embeddable":true,"href":"https:\/\/tvc16.com\/portal\/wp-json\/wp\/v2\/categories?post=9360"},{"taxonomy":"post_tag","embeddable":true,"href":"https:\/\/tvc16.com\/portal\/wp-json\/wp\/v2\/tags?post=9360"}],"curies":[{"name":"wp","href":"https:\/\/api.w.org\/{rel}","templated":true}]}}