{"id":9363,"date":"2021-01-08T11:27:59","date_gmt":"2021-01-08T14:27:59","guid":{"rendered":"https:\/\/tvc16.com\/portal\/?p=9363"},"modified":"2021-01-08T11:28:02","modified_gmt":"2021-01-08T14:28:02","slug":"ministerio-da-saude-formaliza-compra-de-46-mi-de-doses-da-coronavac-junto-ao-instituto-butantan","status":"publish","type":"post","link":"https:\/\/tvc16.com\/portal\/2021\/01\/08\/ministerio-da-saude-formaliza-compra-de-46-mi-de-doses-da-coronavac-junto-ao-instituto-butantan\/","title":{"rendered":"Minist\u00e9rio da Sa\u00fade formaliza compra de 46 mi de doses da CoronaVac junto ao Instituto Butantan"},"content":{"rendered":"\n<p>H\u00e1 previs\u00e3o de aquisi\u00e7\u00e3o de mais 54 milh\u00f5es de doses at\u00e9 o fim de 2021. Previs\u00e3o mais otimista para in\u00edcio da vacina\u00e7\u00e3o \u00e9 20 de janeiro, projeta ministro da Sa\u00fade<\/p>\n\n\n\n<p>O ministro da Sa\u00fade, Eduardo Pazuello, afirmou que a pasta fechou contrato com o Instituto Butantan, nesta quinta-feira (7), para compra de 46 milh\u00f5es de doses da CoronaVac, a vacina contra a Covid-19 produzida pelo laborat\u00f3rio chin\u00eas Sinovac. Segundo o ministro, o acordo prev\u00ea a entrega das doses at\u00e9 abril e a aquisi\u00e7\u00e3o de mais 54 milh\u00f5es at\u00e9 o fim do ano, totalizando 100 milh\u00f5es de doses.&nbsp;<\/p>\n\n\n\n<p>\u201cNunca abandonamos as negocia\u00e7\u00f5es com o Butantan. Se n\u00e3o \u00e9 o maior, \u00e9 o segundo maior produtor de vacinas para o minist\u00e9rio. Estamos, hoje, fechando um contrato para a aquisi\u00e7\u00e3o de 100 milh\u00f5es de doses, que \u00e9 o m\u00e1ximo que ele consegue produzir. &nbsp;A partir deste momento, toda a produ\u00e7\u00e3o do Butantan ser\u00e1 incorporada ao Plano Nacional de Imuniza\u00e7\u00e3o\u201d, disse o ministro em coletiva de imprensa no Pal\u00e1cio do Planalto.&nbsp;<\/p>\n\n\n\n<p>De acordo com o <a href=\"https:\/\/www.in.gov.br\/en\/web\/dou\/-\/extrato-de-dispensa-de-licitacao-n-1\/2021-uasg-250005-298044776\">Di\u00e1rio Oficial da Uni\u00e3o<\/a>, as 46 milh\u00f5es de doses iniciais v\u00e3o ter um custo de R$ 2,67 bilh\u00f5es. Ainda durante a entrevista, o secret\u00e1rio executivo, Elcio Franco, esclareceu que a compra de mais 54 milh\u00f5es de doses \u00e9 uma op\u00e7\u00e3o do contrato assinado hoje, que o Minist\u00e9rio da Sa\u00fade poder\u00e1 exercer futuramente, uma vez que n\u00e3o h\u00e1 or\u00e7amento para esse quantitativo.&nbsp;<\/p>\n\n\n\n<p>Atualmente, o Instituto Butantan j\u00e1 possui 11 milh\u00f5es de doses da vacina CoronaVac em solo brasileiro, das quais 6 milh\u00f5es foram importadas da China e 5 milh\u00f5es produzidas pelo laborat\u00f3rio no Brasil. Com as 100 milh\u00f5es de doses do Butantan, o ministro reafirmou que o Brasil vai contar com 354 milh\u00f5es de doses da vacina contra a Covid-19 at\u00e9 o fim do ano. O restante vir\u00e1, segundo ele, do imunizante produzido pela Universidade de Oxford e pela farmac\u00eautica AstraZeneca.&nbsp;<\/p>\n\n\n\n<p>Pazuello disse, tamb\u00e9m, que h\u00e1 negocia\u00e7\u00f5es em andamento com outros tr\u00eas laborat\u00f3rios para aquisi\u00e7\u00e3o da vacina, que s\u00e3o da Johnson &amp; Johnson, Moderna e Pfizer. Em rela\u00e7\u00e3o \u00e0s tratativas para aquisi\u00e7\u00e3o do imunizante da Pfizer, cuja aplica\u00e7\u00e3o para uso emergencial j\u00e1 ocorre em alguns pa\u00edses, o ministro revelou que a empresa teria imposto algumas exig\u00eancias para assinatura de um contrato com o \u00f3rg\u00e3o, \u201cque n\u00e3o s\u00e3o autorizadas pela legisla\u00e7\u00e3o brasileira\u201d.&nbsp;<\/p>\n\n\n\n<p>Entre as imposi\u00e7\u00f5es estariam isen\u00e7\u00e3o total e permanente de responsabiliza\u00e7\u00e3o civil por efeitos colaterais advindos da vacina\u00e7\u00e3o, transfer\u00eancia do foro de julgamento de poss\u00edveis a\u00e7\u00f5es judiciais para fora do Brasil e disponibiliza\u00e7\u00e3o permanente de ativos brasileiros no exterior para cria\u00e7\u00e3o de um fundo cau\u00e7\u00e3o para custear poss\u00edveis a\u00e7\u00f5es judiciais.&nbsp;<\/p>\n\n\n\n<p>\u201cN\u00e3o podemos assinar dessa forma\u201d, cravou Pazuello.&nbsp;<\/p>\n\n\n\n<p><strong><a href=\"https:\/\/brasil61.com\/noticias\/covid-19-brasileiros-devem-ser-imunizados-a-partir-de-janeiro-bras213264\">Covid-19: brasileiros devem ser imunizados a partir de janeiro<\/a><\/strong><\/p>\n\n\n\n<p><strong><a href=\"https:\/\/brasil61.com\/noticias\/anvisa-ainda-nao-recebeu-pedido-de-uso-emergencial-para-vacina-bras213290\">Anvisa ainda n\u00e3o recebeu pedido de uso emergencial para vacina<\/a><\/strong><\/p>\n\n\n\n<p><strong><a href=\"https:\/\/brasil61.com\/noticias\/viajantes-estrangeiros-que-vierem-ao-brasil-precisam-apresentar-pcr-bras213278\">Viajantes estrangeiros que vierem ao Brasil precisam apresentar PCR<\/a><\/strong><\/p>\n\n\n\n<h2 class=\"wp-block-heading\">Calend\u00e1rio de vacina\u00e7\u00e3o<\/h2>\n\n\n\n<p>O ministro da Sa\u00fade tamb\u00e9m tra\u00e7ou cen\u00e1rios para o in\u00edcio da imuniza\u00e7\u00e3o da popula\u00e7\u00e3o brasileira. O mais otimista deles seria a partir de 20 de janeiro. Na segunda hip\u00f3tese, entre 20 de janeiro e 10 de fevereiro. Por fim, entre 10 de fevereiro e meados de mar\u00e7o. \u201cA nossa prote\u00e7\u00e3o \u00e9 a Anvisa. A ag\u00eancia reguladora \u00e9 quem vai atestar a efic\u00e1cia e a seguran\u00e7a das vacinas. Ela est\u00e1 empenhada em ser c\u00e9lere, r\u00e1pida e efetiva. Na melhor hip\u00f3tese, a vacina\u00e7\u00e3o come\u00e7a em 20 de janeiro, caso a Anvisa d\u00ea a autoriza\u00e7\u00e3o. Na hip\u00f3tese mais alongada, at\u00e9 meados de mar\u00e7o, que seria caso o registro ou produ\u00e7\u00e3o tivessem percal\u00e7os\u201d, destacou.&nbsp;<\/p>\n\n\n\n<p>Segundo Arnaldo Medeiros, secret\u00e1rio de Vigil\u00e2ncia em Sa\u00fade, caso tudo d\u00ea certo e a vacina\u00e7\u00e3o comece no dia 20 deste m\u00eas, o PNI j\u00e1 teria cerca de 8 milh\u00f5es de doses da vacina dispon\u00edveis para distribui\u00e7\u00e3o para estados e munic\u00edpios. \u201cNa perspectiva de que teremos dois milh\u00f5es da AstraZeneca e com 6 milh\u00f5es ap\u00f3s o contrato assinado com o Butantan, se essas autoriza\u00e7\u00f5es forem obtidas, seriam oito milh\u00f5es de doses para iniciarmos a vacina\u00e7\u00e3o da nossa sociedade\u201d, detalhou.&nbsp;<\/p>\n\n\n\n<figure class=\"wp-block-image\"><img decoding=\"async\" src=\"\/\/s3-sa-east-1.amazonaws.com\/agencia-radio-arb\/3435\/content_MP.jpeg\" alt=\"Arte: Brasil 61\" title=\"Arte: Brasil 61\"\/><\/figure>\n\n\n\n<h2 class=\"wp-block-heading\">Medida Provis\u00f3ria<\/h2>\n\n\n\n<p>A coletiva do Minist\u00e9rio da Sa\u00fade desta quinta-feira (7) ocorreu para detalhar a <a href=\"https:\/\/www.in.gov.br\/en\/web\/dou\/-\/medida-provisoria-n-1.026-de-6-de-janeiro-de-2021-297929846\">Medida Provis\u00f3ria<\/a> assinada pelo presidente Jair Bolsonaro e publicada na noite de quarta-feira (6), que trata de medidas excepcionais para a aquisi\u00e7\u00e3o de vacinas, insumos, bens e servi\u00e7os relacionados \u00e0 Covid-19.&nbsp;<\/p>\n\n\n\n<p>O texto permite, por exemplo, que o Minist\u00e9rio da Sa\u00fade compre vacinas e insumos contra a doen\u00e7a sem licita\u00e7\u00e3o e antes do registro sanit\u00e1rio ou da autoriza\u00e7\u00e3o tempor\u00e1ria para uso emergencial dos imunizantes pela Anvisa. \u201cEu s\u00f3 poderia fechar o contrato e empenhar a compra das vacinas junto ao Butantan com a MP, que d\u00e1 essa autoriza\u00e7\u00e3o\u201d, disse Pazuello.&nbsp;<\/p>\n\n\n\n<p>Apesar da flexibiliza\u00e7\u00e3o para aquisi\u00e7\u00e3o das vacinas, a MP esclarece que a aplica\u00e7\u00e3o das doses s\u00f3 ser\u00e1 feita ap\u00f3s o aval para uso emergencial ou registro concedido pela ag\u00eancia reguladora, o que n\u00e3o ocorreu at\u00e9 o momento.&nbsp;<\/p>\n\n\n\n<h2 class=\"wp-block-heading\">Seringas e agulhas<\/h2>\n\n\n\n<p>Entre os insumos cuja compra n\u00e3o necessitar\u00e1 de licita\u00e7\u00e3o, est\u00e3o as seringas e agulhas para aplica\u00e7\u00e3o das doses. Em pronunciamento ainda na noite de ontem, o ministro Pazuello afirmou que o Brasil \u201cj\u00e1 tem dispon\u00edveis 60 milh\u00f5es de seringas e agulhas nos estados e munic\u00edpios\u201d, e que isso seria suficiente para iniciar a vacina\u00e7\u00e3o da popula\u00e7\u00e3o ainda em janeiro. A fala corroborou com uma postagem do pr\u00f3prio presidente Jair Bolsonaro, que mais cedo, no mesmo dia, afirmou que os entes da federa\u00e7\u00e3o tinham insumos suficientes para execu\u00e7\u00e3o inicial do Plano Nacional de Imuniza\u00e7\u00e3o.&nbsp;<\/p>\n\n\n\n<p>Em <a href=\"https:\/\/www.fnp.org.br\/noticias\/item\/2451-fnp-divulga-nota-sobre-a-disponibilidade-de-seringas-e-agulhas-para-vacinacao-contra-a-covid-19\">nota<\/a>, a Federa\u00e7\u00e3o Nacional de Prefeitos (FNP) esclareceu que o estoque de seringas e agulhas dos munic\u00edpios serve para atender a \u201cprocedimentos diversos\u201d, entre eles o PNI, e que a fala do chefe do executivo \u201cgerou preocupa\u00e7\u00e3o de prefeitos por uma poss\u00edvel falta de insumos para o atendimento de outras necessidades de sa\u00fade\u201d.&nbsp;<\/p>\n\n\n\n<p>Durante a coletiva, Pazuello afirmou que \u201cn\u00e3o existe falta de seringa\u201d e que o Minist\u00e9rio da Sa\u00fade est\u00e1 trabalhando para a manuten\u00e7\u00e3o de um estoque. \u201cQuando n\u00f3s vamos adquirir seringas, a gente n\u00e3o compra para executar o plano todo, mas para ter um estoque regulador, caso falte em um estado e em um munic\u00edpio, por exemplo. Estamos comprando para n\u00e3o deixar faltar. A licita\u00e7\u00e3o est\u00e1 em andamento\u201d.&nbsp;<\/p>\n\n\n\n<p>Entre as a\u00e7\u00f5es que a pasta diz estar tomando para garantir quantidade suficiente de seringas e agulhas, est\u00e1 a compra de 7 milh\u00f5es de unidades por meio de preg\u00e3o, mais 40 milh\u00f5es em compra junto \u00e0 Organiza\u00e7\u00e3o Panamericana de Sa\u00fade (Opas) e 30 milh\u00f5es de doses junto \u00e0 Abimo, a Associa\u00e7\u00e3o Brasileira da Ind\u00fastria de Artigos e Equipamentos M\u00e9dicos, Odontol\u00f3gicos, Hospitalares e de Laborat\u00f3rios.&nbsp;<\/p>\n\n\n\n<h2 class=\"wp-block-heading\">CoronaVac<\/h2>\n\n\n\n<p>O Instituto Butantan anunciou que a efic\u00e1cia da vacina CoronaVac \u00e9 de 78% contra casos leves da Covid-19 e de 100% contra casos moderados e graves. Segundo o instituto, isso quer dizer que pessoas vacinadas com as doses da vacina t\u00eam 0% de chance de, se pegarem a Covid-19, terem casos moderados ou graves da doen\u00e7a.<\/p>\n\n\n\n<p>Fonte: <a href=\"https:\/\/brasil61.com\/noticias\/ministerio-da-saude-formaliza-compra-de-46-mi-de-doses-da-coronavac-junto-ao-instituto-butantan-bras213314?email=bethdeoliveira@yahoo.com.br&amp;utm_source=newsletter&amp;utm_medium=newsletter&amp;utm_campaign=newsletter\" target=\"_blank\" rel=\"noreferrer noopener\">Brasil 61<\/a><\/p>\n","protected":false},"excerpt":{"rendered":"<p>H\u00e1 previs\u00e3o de aquisi\u00e7\u00e3o de mais 54 milh\u00f5es de doses at\u00e9 o fim de 2021.<\/p>\n","protected":false},"author":2,"featured_media":9364,"comment_status":"open","ping_status":"open","sticky":false,"template":"","format":"standard","meta":{"footnotes":""},"categories":[17],"tags":[],"class_list":["post-9363","post","type-post","status-publish","format-standard","has-post-thumbnail","hentry","category-outras-noticias"],"_links":{"self":[{"href":"https:\/\/tvc16.com\/portal\/wp-json\/wp\/v2\/posts\/9363","targetHints":{"allow":["GET"]}}],"collection":[{"href":"https:\/\/tvc16.com\/portal\/wp-json\/wp\/v2\/posts"}],"about":[{"href":"https:\/\/tvc16.com\/portal\/wp-json\/wp\/v2\/types\/post"}],"author":[{"embeddable":true,"href":"https:\/\/tvc16.com\/portal\/wp-json\/wp\/v2\/users\/2"}],"replies":[{"embeddable":true,"href":"https:\/\/tvc16.com\/portal\/wp-json\/wp\/v2\/comments?post=9363"}],"version-history":[{"count":1,"href":"https:\/\/tvc16.com\/portal\/wp-json\/wp\/v2\/posts\/9363\/revisions"}],"predecessor-version":[{"id":9365,"href":"https:\/\/tvc16.com\/portal\/wp-json\/wp\/v2\/posts\/9363\/revisions\/9365"}],"wp:featuredmedia":[{"embeddable":true,"href":"https:\/\/tvc16.com\/portal\/wp-json\/wp\/v2\/media\/9364"}],"wp:attachment":[{"href":"https:\/\/tvc16.com\/portal\/wp-json\/wp\/v2\/media?parent=9363"}],"wp:term":[{"taxonomy":"category","embeddable":true,"href":"https:\/\/tvc16.com\/portal\/wp-json\/wp\/v2\/categories?post=9363"},{"taxonomy":"post_tag","embeddable":true,"href":"https:\/\/tvc16.com\/portal\/wp-json\/wp\/v2\/tags?post=9363"}],"curies":[{"name":"wp","href":"https:\/\/api.w.org\/{rel}","templated":true}]}}