{"id":9366,"date":"2021-01-08T11:31:28","date_gmt":"2021-01-08T14:31:28","guid":{"rendered":"https:\/\/tvc16.com\/portal\/?p=9366"},"modified":"2021-01-08T11:31:32","modified_gmt":"2021-01-08T14:31:32","slug":"no-fim-de-2020-cresceu-a-quantidade-de-brasileiros-com-dividas","status":"publish","type":"post","link":"https:\/\/tvc16.com\/portal\/2021\/01\/08\/no-fim-de-2020-cresceu-a-quantidade-de-brasileiros-com-dividas\/","title":{"rendered":"No fim de 2020 cresceu a quantidade de brasileiros com d\u00edvidas"},"content":{"rendered":"\n<p>Mesmo assim, parte desses consumidores est\u00e3o conseguindo quitar as d\u00edvidas<\/p>\n\n\n\n<p>O n\u00famero de brasileiros com d\u00edvidas voltou a subir no \u00faltimo m\u00eas de 2020, informou a Confedera\u00e7\u00e3o Nacional do Com\u00e9rcio de Bens, Servi\u00e7os e Turismo (CNC). De acordo com dados da Pesquisa de Endividamento e Inadimpl\u00eancia do Consumidor (Peic), realizada em dezembro, 66,3% dos consumidores est\u00e3o endividados, uma alta de 0,3 ponto percentual com rela\u00e7\u00e3o a novembro. No comparativo anual, o indicador registrou aumento de 0,7 ponto percentual.<\/p>\n\n\n\n<p>Apesar do crescente n\u00famero de pessoas endividadas, a pesquisa tamb\u00e9m revela que os consumidores continuam conseguindo quitar d\u00e9bitos e compromissos financeiros. O total de fam\u00edlias com d\u00edvidas ou contas em atraso apresentou a quarta redu\u00e7\u00e3o consecutiva, caindo de 25,7%, em novembro, para 25,2%, em dezembro. Em compara\u00e7\u00e3o com igual m\u00eas de 2019, a propor\u00e7\u00e3o cresceu 0,7 ponto percentual.<\/p>\n\n\n\n<p>Fonte: <a href=\"https:\/\/brasil61.com\/noticias\/no-fim-de-2020-cresceu-a-quantidade-de-brasileiros-com-dividas-bras213305?email=bethdeoliveira@yahoo.com.br&amp;utm_source=newsletter&amp;utm_medium=newsletter&amp;utm_campaign=newsletter\" target=\"_blank\" rel=\"noreferrer noopener\">Brasil 61<\/a><\/p>\n","protected":false},"excerpt":{"rendered":"<p>Mesmo assim, parte desses consumidores est\u00e3o conseguindo quitar as d\u00edvidas O n\u00famero de brasileiros com<\/p>\n","protected":false},"author":2,"featured_media":9367,"comment_status":"open","ping_status":"open","sticky":false,"template":"","format":"standard","meta":{"footnotes":""},"categories":[17],"tags":[],"class_list":["post-9366","post","type-post","status-publish","format-standard","has-post-thumbnail","hentry","category-outras-noticias"],"_links":{"self":[{"href":"https:\/\/tvc16.com\/portal\/wp-json\/wp\/v2\/posts\/9366","targetHints":{"allow":["GET"]}}],"collection":[{"href":"https:\/\/tvc16.com\/portal\/wp-json\/wp\/v2\/posts"}],"about":[{"href":"https:\/\/tvc16.com\/portal\/wp-json\/wp\/v2\/types\/post"}],"author":[{"embeddable":true,"href":"https:\/\/tvc16.com\/portal\/wp-json\/wp\/v2\/users\/2"}],"replies":[{"embeddable":true,"href":"https:\/\/tvc16.com\/portal\/wp-json\/wp\/v2\/comments?post=9366"}],"version-history":[{"count":1,"href":"https:\/\/tvc16.com\/portal\/wp-json\/wp\/v2\/posts\/9366\/revisions"}],"predecessor-version":[{"id":9368,"href":"https:\/\/tvc16.com\/portal\/wp-json\/wp\/v2\/posts\/9366\/revisions\/9368"}],"wp:featuredmedia":[{"embeddable":true,"href":"https:\/\/tvc16.com\/portal\/wp-json\/wp\/v2\/media\/9367"}],"wp:attachment":[{"href":"https:\/\/tvc16.com\/portal\/wp-json\/wp\/v2\/media?parent=9366"}],"wp:term":[{"taxonomy":"category","embeddable":true,"href":"https:\/\/tvc16.com\/portal\/wp-json\/wp\/v2\/categories?post=9366"},{"taxonomy":"post_tag","embeddable":true,"href":"https:\/\/tvc16.com\/portal\/wp-json\/wp\/v2\/tags?post=9366"}],"curies":[{"name":"wp","href":"https:\/\/api.w.org\/{rel}","templated":true}]}}