{"id":9369,"date":"2021-01-08T11:34:33","date_gmt":"2021-01-08T14:34:33","guid":{"rendered":"https:\/\/tvc16.com\/portal\/?p=9369"},"modified":"2021-01-08T11:34:37","modified_gmt":"2021-01-08T14:34:37","slug":"inep-investiu-quase-r-70-milhoes-em-medidas-contra-covid-19-e-garante-seguranca-na-aplicacao-do-enem","status":"publish","type":"post","link":"https:\/\/tvc16.com\/portal\/2021\/01\/08\/inep-investiu-quase-r-70-milhoes-em-medidas-contra-covid-19-e-garante-seguranca-na-aplicacao-do-enem\/","title":{"rendered":"Inep investiu quase R$ 70 milh\u00f5es em medidas contra Covid-19 e garante seguran\u00e7a na aplica\u00e7\u00e3o do Enem"},"content":{"rendered":"\n<p>Em entrevista exclusiva para o portal Brasil61.com, o presidente do Inep afirma que todas as medidas est\u00e3o sendo tomadas para evitar dissemina\u00e7\u00e3o da doen\u00e7a; provas impressas ser\u00e3o aplicadas nos dias 17 e 24 de janeiro<\/p>\n\n\n\n<p>Nos dias 17 e 24 de janeiro, quase seis milh\u00f5es de pessoas v\u00e3o tentar uma vaga em universidades p\u00fablicas de todo o Brasil por meio do Exame Nacional do Ensino M\u00e9dio (<a href=\"https:\/\/enem.inep.gov.br\/\" target=\"_blank\" rel=\"noreferrer noopener\">Enem<\/a>). Por conta da pandemia, as provas, que estavam marcadas para o final do ano passado, foram remarcadas para este ano. Entre as novidades, est\u00e1 o Enem Digital, que ser\u00e1 feito por 96 mil estudantes nos dias 31 de janeiro e 7 de fevereiro.&nbsp;<\/p>\n\n\n\n<p>Na lista dos itens essenciais para levar nos dias de prova, al\u00e9m da tradicional caneta de corpo transparente de tinta preta, est\u00e3o tamb\u00e9m a m\u00e1scara e o \u00e1lcool em gel. O presidente do Instituto Nacional de Estudos e Pesquisas Educacionais An\u00edsio Teixeira (Inep\/MEC), Alexandre Lopes, ressalta que a autarquia investiu R$ 69 milh\u00f5es em medidas de preven\u00e7\u00e3o \u00e0 Covid-19 para que as provas sejam realizadas da forma mais segura poss\u00edvel.&nbsp;<\/p>\n\n\n\n<p>Em entrevista exclusiva ao portal Brasil61.com, Lopes detalhou quais as medidas tomadas nesse per\u00edodo t\u00e3o at\u00edpico. \u201cA principal foi o distanciamento. Colocamos menos alunos em cada sala, garantindo um espa\u00e7amento maior entre eles. O uso da m\u00e1scara ser\u00e1 obrigat\u00f3rio. Tanto os participantes quanto os aplicadores ter\u00e3o que usar a m\u00e1scara durante todo o per\u00edodo da prova. Al\u00e9m disso, intensificamos a higieniza\u00e7\u00e3o. Vamos fazer uma limpeza maior nas \u00e1reas de uso comum, como banheiros, corredores. Tamb\u00e9m vamos disponibilizar \u00e1lcool em gel para todos os participantes do Enem e a identifica\u00e7\u00e3o do aluno ser\u00e1 do lado de fora.\u201d&nbsp;<\/p>\n\n\n\n<figure class=\"wp-block-image\"><img decoding=\"async\" src=\"\/\/s3-sa-east-1.amazonaws.com\/agencia-radio-arb\/3428\/content_Enem.png\" alt=\"\" title=\"Cria\u00e7\u00e3o: Erica Passos\"\/><\/figure>\n\n\n\n<p>O presidente do Inep, respons\u00e1vel pelo exame, garante que os 1,7 mil munic\u00edpios que receber\u00e3o os alunos nos dias de prova est\u00e3o amparados pela log\u00edstica. \u201cA gente fez uma visita pr\u00e9via \u00e0s escolas e \u00e0s instala\u00e7\u00f5es. Ser\u00e3o cerca de 14 mil locais de prova neste ano e todos foram visitados previamente. N\u00f3s temos, ainda, um trabalho intenso de capacita\u00e7\u00e3o dos aplicadores. Algumas capacita\u00e7\u00f5es que eram realizadas presencialmente foram feitas a dist\u00e2ncia, mas foram feitas\u201d, refor\u00e7a.&nbsp;<\/p>\n\n\n\n<p><strong><a href=\"https:\/\/brasil61.com\/noticias\/desigualdade-entre-alunos-de-escolas-publicas-e-particulares-e-acentuada-na-pandemia-bras203197\" target=\"_blank\" rel=\"noreferrer noopener\">Desigualdade entre alunos de escolas p\u00fablicas e particulares \u00e9 acentuada na pandemia<\/a><\/strong><\/p>\n\n\n\n<p><strong><a href=\"https:\/\/brasil61.com\/noticias\/regulamentacao-do-principal-mecanismo-de-financiamento-da-educacao-publica-e-aprovada-na-camara-dos-deputados-bras203112\" target=\"_blank\" rel=\"noreferrer noopener\">Regulamenta\u00e7\u00e3o do principal mecanismo de financiamento da educa\u00e7\u00e3o p\u00fablica \u00e9 aprovada na C\u00e2mara dos Deputados<\/a><\/strong><\/p>\n\n\n\n<p>Caso o estudante seja infectado poucos dias antes da prova, Alexandre Lopes d\u00e1 as orienta\u00e7\u00f5es. Ele lembra que o edital do Enem j\u00e1 prev\u00ea casos de doen\u00e7as infectocontagiosas \u2013 a Covid-19 foi inserida nesse rol.&nbsp;<\/p>\n\n\n\n<p>\u201cN\u00e3o s\u00f3 por conta da Covid-19, mas no edital do Enem tem uma rela\u00e7\u00e3o de doen\u00e7as infectocontagiosas que d\u00e1 direito ao participante fazer a reaplica\u00e7\u00e3o nos dias 23 e 24 de fevereiro. Se ele tiver alguma dessas doen\u00e7as, na semana anterior ao domingo de prova \u2013 e ele pode fazer isso tanto no primeiro quanto no segundo dia de prova \u2013 o estudante vai entrar na p\u00e1gina do participante, solicitar a reaplica\u00e7\u00e3o e juntar a documenta\u00e7\u00e3o necess\u00e1ria, como exame e\/ou laudo m\u00e9dico. A gente vai analisar e pode conceder realiza\u00e7\u00e3o da prova de reaplica\u00e7\u00e3o. Isso \u00e9 para garantir que as pessoas que tenham doen\u00e7a contagiosa n\u00e3o v\u00e3o ao local de prova, que fiquem em casa, mas n\u00e3o percam o Enem\u201d, tranquiliza.&nbsp;<\/p>\n\n\n\n<h2 class=\"wp-block-heading\">Enem Digital<\/h2>\n\n\n\n<p>Entre as novidades do exame&nbsp;est\u00e1 a vers\u00e3o digital. Pensada em 2019, antes mesmo da pandemia, a ideia \u00e9 modernizar a prova e abrir mais op\u00e7\u00f5es de datas. \u201cHoje, o Enem \u00e9 realizado em uma data s\u00f3 no ano. Milh\u00f5es de pessoas v\u00e3o fazer o Enem impresso no domingo agora, mas quem perder essa prova precisa esperar mais um ano para faz\u00ea-la novamente. Com a vers\u00e3o digital, podemos realizar mais de uma prova ao longo do ano\u201d, adianta o presidente do Inep.<\/p>\n\n\n\n<figure class=\"wp-block-image\"><img decoding=\"async\" src=\"\/\/s3-sa-east-1.amazonaws.com\/agencia-radio-arb\/3429\/content_Olho-alexandre-lopes.png\" alt=\"\" title=\"Cria\u00e7\u00e3o: Erica Passos\"\/><\/figure>\n\n\n\n<p>A previs\u00e3o \u00e9 de que o Enem se torne totalmente digital at\u00e9 2026. At\u00e9 l\u00e1, a transi\u00e7\u00e3o ser\u00e1 feita de forma gradativa. O objetivo tamb\u00e9m \u00e9 tornar o Enem mais acess\u00edvel, j\u00e1 que muitos estudantes precisam se deslocar para cidades vizinhas para tentar a t\u00e3o sonhada vaga numa federal.&nbsp;<\/p>\n\n\n\n<p>\u201cSendo em v\u00e1rias datas, podemos fazer a prova em cidades diferentes e fazer com que o exame chegue a mais munic\u00edpios \u2013 e fique mais pr\u00f3ximo do aluno. Muitos alunos t\u00eam que se deslocar para outra cidade para fazer a prova, o que pode prejudicar jovens do interior do Brasil. Queremos levar a prova para mais munic\u00edpios, levar a prova para onde o estudante est\u00e1\u201d, projeta.&nbsp;<\/p>\n\n\n\n<p>Acompanhe agora&nbsp;a entrevista na \u00edntegra com o presidente do Inep, Alexandre Lopes.&nbsp;<\/p>\n\n\n\n<figure class=\"wp-block-embed is-type-rich is-provider-incorporar-manipulador wp-block-embed-incorporar-manipulador wp-embed-aspect-16-9 wp-has-aspect-ratio\"><div class=\"wp-block-embed__wrapper\">\n<iframe loading=\"lazy\" title=\"Entrevista da semana: Alexandre Lopes\" width=\"640\" height=\"360\" src=\"https:\/\/www.youtube.com\/embed\/Tp8GUuw6Cho?feature=oembed\" frameborder=\"0\" allow=\"accelerometer; autoplay; clipboard-write; encrypted-media; gyroscope; picture-in-picture; web-share\" referrerpolicy=\"strict-origin-when-cross-origin\" allowfullscreen><\/iframe>\n<\/div><\/figure>\n\n\n\n<p>Fonte: <a href=\"https:\/\/brasil61.com\/noticias\/inep-investiu-quase-r-70-milhoes-em-medidas-contra-covid-19-e-garante-seguranca-na-aplicacao-do-enem-bras213312?email=bethdeoliveira@yahoo.com.br&amp;utm_source=newsletter&amp;utm_medium=newsletter&amp;utm_campaign=newsletter\" target=\"_blank\" rel=\"noreferrer noopener\">Brasil 61<\/a><\/p>\n","protected":false},"excerpt":{"rendered":"<p>Em entrevista exclusiva para o portal Brasil61.com, o presidente do Inep afirma que todas as<\/p>\n","protected":false},"author":2,"featured_media":9370,"comment_status":"open","ping_status":"open","sticky":false,"template":"","format":"standard","meta":{"footnotes":""},"categories":[17],"tags":[],"class_list":["post-9369","post","type-post","status-publish","format-standard","has-post-thumbnail","hentry","category-outras-noticias"],"_links":{"self":[{"href":"https:\/\/tvc16.com\/portal\/wp-json\/wp\/v2\/posts\/9369","targetHints":{"allow":["GET"]}}],"collection":[{"href":"https:\/\/tvc16.com\/portal\/wp-json\/wp\/v2\/posts"}],"about":[{"href":"https:\/\/tvc16.com\/portal\/wp-json\/wp\/v2\/types\/post"}],"author":[{"embeddable":true,"href":"https:\/\/tvc16.com\/portal\/wp-json\/wp\/v2\/users\/2"}],"replies":[{"embeddable":true,"href":"https:\/\/tvc16.com\/portal\/wp-json\/wp\/v2\/comments?post=9369"}],"version-history":[{"count":1,"href":"https:\/\/tvc16.com\/portal\/wp-json\/wp\/v2\/posts\/9369\/revisions"}],"predecessor-version":[{"id":9372,"href":"https:\/\/tvc16.com\/portal\/wp-json\/wp\/v2\/posts\/9369\/revisions\/9372"}],"wp:featuredmedia":[{"embeddable":true,"href":"https:\/\/tvc16.com\/portal\/wp-json\/wp\/v2\/media\/9370"}],"wp:attachment":[{"href":"https:\/\/tvc16.com\/portal\/wp-json\/wp\/v2\/media?parent=9369"}],"wp:term":[{"taxonomy":"category","embeddable":true,"href":"https:\/\/tvc16.com\/portal\/wp-json\/wp\/v2\/categories?post=9369"},{"taxonomy":"post_tag","embeddable":true,"href":"https:\/\/tvc16.com\/portal\/wp-json\/wp\/v2\/tags?post=9369"}],"curies":[{"name":"wp","href":"https:\/\/api.w.org\/{rel}","templated":true}]}}